{"id":3246,"date":"2020-03-25T19:11:43","date_gmt":"2020-03-25T18:11:43","guid":{"rendered":"http:\/\/agora.xtec.cat\/ceip-jrj\/?p=3246"},"modified":"2020-03-26T09:33:46","modified_gmt":"2020-03-26T08:33:46","slug":"joemquedoacasa","status":"publish","type":"post","link":"https:\/\/agora.xtec.cat\/ceip-jrj\/portada\/joemquedoacasa\/","title":{"rendered":"#JOEMQUEDOACASA"},"content":{"rendered":"<p><a href=\"https:\/\/agora.xtec.cat\/ceip-jrj\/wp-content\/uploads\/usu280\/2020\/03\/Sin-t\u00edtulo-1.jpg\"><img loading=\"lazy\" decoding=\"async\" class=\"wp-image-3247 size-medium alignleft\" src=\"https:\/\/agora.xtec.cat\/ceip-jrj\/wp-content\/uploads\/usu280\/2020\/03\/Sin-t\u00edtulo-1-300x300.jpg\" alt=\"\" width=\"300\" height=\"300\" srcset=\"https:\/\/agora.xtec.cat\/ceip-jrj\/wp-content\/uploads\/usu280\/2020\/03\/Sin-t\u00edtulo-1-300x300.jpg 300w, https:\/\/agora.xtec.cat\/ceip-jrj\/wp-content\/uploads\/usu280\/2020\/03\/Sin-t\u00edtulo-1-150x150.jpg 150w, https:\/\/agora.xtec.cat\/ceip-jrj\/wp-content\/uploads\/usu280\/2020\/03\/Sin-t\u00edtulo-1-768x771.jpg 768w, https:\/\/agora.xtec.cat\/ceip-jrj\/wp-content\/uploads\/usu280\/2020\/03\/Sin-t\u00edtulo-1.jpg 800w\" sizes=\"auto, (max-width: 300px) 100vw, 300px\" \/><\/a><\/p>\n<p>Estimad\u00edssim@s nen@s, us trobem tant a faltar&#8230; i ens fa tanta il\u00b7lusi\u00f3 quan hem rebut alguna petita not\u00edcia vostra que ens ha semblat una bona idea que puguem compartir les nostres viv\u00e8ncies durant aquests dies de confinament a trav\u00e9s d&#8217;un \u00e0lbum fotogr\u00e0fic conjunt.<\/p>\n<p>Us animem a qu\u00e8 ens envieu tantes fotografies com vulgueu i tantes vegades com us sembli&#8230; fent teatre, pa, pastissos, mirant la tele, fent esport, descansant, llegint, dinant, fent deures o manualitats&#8230; Tenim moltes ganes de saber qu\u00e8 esteu fent aquests dies i d&#8217;aquesta manera tamb\u00e9 podreu veure el@s vostres amic@s.<\/p>\n<p>Envieu-nos les fotografies que vulgueu a: <a href=\"mailto:joemquedoacasa@jrjmartorell.com\">joemquedoacasa<span class=\"\">@jrjmartorell.com<\/span><\/a><\/p>\n<p>Per veure les imatges que anem rebent, cliqueu\u00a0<a href=\"https:\/\/photos.app.goo.gl\/GBG4G3faWzttYmdW8\">aqu\u00ed<\/a><\/p>\n","protected":false},"excerpt":{"rendered":"<p><a href=\"https:\/\/agora.xtec.cat\/ceip-jrj\/wp-content\/uploads\/usu280\/2020\/03\/Sin-t\u00edtulo-1.jpg\"><\/a><br \/>\nEstimad\u00edssim@s nen@s, us trobem tant a faltar&#8230; i ens fa tanta il\u00b7lusi\u00f3 quan hem rebut alguna petita not\u00edcia vostra que ens ha semblat una bona idea que puguem compartir les nostres viv\u00e8ncies durant aquests dies de confinament a trav\u00e9s d&#8217;un \u00e0lbum fotogr\u00e0fic conjunt.<br \/>\nUs animem&hellip;  <a href=\"https:\/\/agora.xtec.cat\/ceip-jrj\/portada\/joemquedoacasa\/\" title=\"Read #JOEMQUEDOACASA\">Llegeix m\u00e9s\u00bb<\/a><\/p>\n","protected":false},"author":1,"featured_media":3247,"comment_status":"closed","ping_status":"closed","sticky":false,"template":"","format":"standard","meta":{"_bbp_topic_count":0,"_bbp_reply_count":0,"_bbp_total_topic_count":0,"_bbp_total_reply_count":0,"_bbp_voice_count":0,"_bbp_anonymous_reply_count":0,"_bbp_topic_count_hidden":0,"_bbp_reply_count_hidden":0,"_bbp_forum_subforum_count":0,"footnotes":""},"categories":[4],"tags":[],"class_list":["post-3246","post","type-post","status-publish","format-standard","has-post-thumbnail","hentry","category-portada"],"post_mailing_queue_ids":[],"_links":{"self":[{"href":"https:\/\/agora.xtec.cat\/ceip-jrj\/wp-json\/wp\/v2\/posts\/3246","targetHints":{"allow":["GET"]}}],"collection":[{"href":"https:\/\/agora.xtec.cat\/ceip-jrj\/wp-json\/wp\/v2\/posts"}],"about":[{"href":"https:\/\/agora.xtec.cat\/ceip-jrj\/wp-json\/wp\/v2\/types\/post"}],"author":[{"embeddable":true,"href":"https:\/\/agora.xtec.cat\/ceip-jrj\/wp-json\/wp\/v2\/users\/1"}],"replies":[{"embeddable":true,"href":"https:\/\/agora.xtec.cat\/ceip-jrj\/wp-json\/wp\/v2\/comments?post=3246"}],"version-history":[{"count":3,"href":"https:\/\/agora.xtec.cat\/ceip-jrj\/wp-json\/wp\/v2\/posts\/3246\/revisions"}],"predecessor-version":[{"id":3279,"href":"https:\/\/agora.xtec.cat\/ceip-jrj\/wp-json\/wp\/v2\/posts\/3246\/revisions\/3279"}],"wp:featuredmedia":[{"embeddable":true,"href":"https:\/\/agora.xtec.cat\/ceip-jrj\/wp-json\/wp\/v2\/media\/3247"}],"wp:attachment":[{"href":"https:\/\/agora.xtec.cat\/ceip-jrj\/wp-json\/wp\/v2\/media?parent=3246"}],"wp:term":[{"taxonomy":"category","embeddable":true,"href":"https:\/\/agora.xtec.cat\/ceip-jrj\/wp-json\/wp\/v2\/categories?post=3246"},{"taxonomy":"post_tag","embeddable":true,"href":"https:\/\/agora.xtec.cat\/ceip-jrj\/wp-json\/wp\/v2\/tags?post=3246"}],"curies":[{"name":"wp","href":"https:\/\/api.w.org\/{rel}","templated":true}]}}