{"id":3238,"date":"2020-03-25T12:42:20","date_gmt":"2020-03-25T11:42:20","guid":{"rendered":"http:\/\/agora.xtec.cat\/ceip-jrj\/?p=3238"},"modified":"2020-03-25T12:45:11","modified_gmt":"2020-03-25T11:45:11","slug":"aprendemos-en-casa","status":"publish","type":"post","link":"https:\/\/agora.xtec.cat\/ceip-jrj\/general\/aprendemos-en-casa\/","title":{"rendered":"APRENDEMOS EN CASA"},"content":{"rendered":"<p style=\"text-align: justify;\">&#8220;Aprendemos en casa&#8221; s\u00f3n una s\u00e8rie de continguts educatius que ens ofereix RTVE per aquests dies de confinament.<\/p>\n<p style=\"text-align: justify;\">Amb aquests espais televisius, amb una durada de cinc hores di\u00e0ries que s&#8217;emeten a Clan i a La 2, s&#8217;intenta facilitar l&#8217;aprenentatge de tot l&#8217;alumnat durant la suspensi\u00f3 de les classes presencials.<\/p>\n<div class=\"section\">\n<p>Al canal Clan s&#8217;emetran tres hores diaries:<\/p>\n<p>De 9:00 a 10:00h: Continguts per estudiants d&#8217;entre 6 i 8 anys.<\/p>\n<p>De 10:00 a 11:00h: Continguts per estudiants d&#8217;entre 8 i 10 anys.<\/p>\n<p>De 11:00 a 12:00h: Contiguts per estudiants d&#8217;entre 10 i 12 anys.<\/p>\n<p>&nbsp;<\/p>\n<\/div>\n<div class=\"section\">\n<p>Al canal La 2 s&#8217;emetran dues hores di\u00e0ries:<\/p>\n<p>De 12:00 a 13:00h: Continguts per estudiants d&#8217;entre 12 i 14 anys.<\/p>\n<p style=\"text-align: justify;\">De 13:00 a 14:00h: Continguts per estudiants d&#8217;entre 14 i 16 anys.<\/p>\n<p>&nbsp;<\/p>\n<p style=\"text-align: justify;\">A m\u00e9s, RTVE tamb\u00e9 ha creat l&#8217;espai web EDUCLAN on podreu trobar molts recursos educatius per completar la formaci\u00f3 dels vostres fills i filles aquests dies d&#8217;a\u00efllament. Aqu\u00ed teniu l&#8217;enlla\u00e7:<\/p>\n<\/div>\n<h3 style=\"text-align: center;\"><a href=\"https:\/\/www.rtve.es\/educlan\/\">EDUCLAN\u00a0<\/a><\/h3>\n<p>&nbsp;<\/p>\n<p style=\"text-align: justify;\">Per \u00faltim, el canal La 2 ens ofereix el programa &#8220;Mu\u00e9vete en casa&#8221;. Aquest \u00e9s un espai on s&#8217;anima a tots els ciutadans i ciutadanes a fer exercici i tenir cura del seu estat f\u00edsic durant el temps d&#8217;aillament pel coronavirus. En aquest programa s&#8217;explicaran exercicis senzills, diferenciats per edats.<\/p>\n<p style=\"text-align: justify;\">S&#8217;emet cada mat\u00ed de 9:00 a 9:30h.<\/p>\n<p>&nbsp;<\/p>\n","protected":false},"excerpt":{"rendered":"<p>&#8220;Aprendemos en casa&#8221; s\u00f3n una s\u00e8rie de continguts educatius que ens ofereix RTVE per aquests dies de confinament.<br \/>\nAmb aquests espais televisius, amb una durada de cinc hores di\u00e0ries que s&#8217;emeten a Clan i a La 2, s&#8217;intenta facilitar l&#8217;aprenentatge de tot l&#8217;alumnat durant la suspensi\u00f3&hellip;  <a href=\"https:\/\/agora.xtec.cat\/ceip-jrj\/general\/aprendemos-en-casa\/\" title=\"Read APRENDEMOS EN CASA\">Llegeix m\u00e9s\u00bb<\/a><\/p>\n","protected":false},"author":1,"featured_media":3239,"comment_status":"closed","ping_status":"closed","sticky":false,"template":"","format":"standard","meta":{"_bbp_topic_count":0,"_bbp_reply_count":0,"_bbp_total_topic_count":0,"_bbp_total_reply_count":0,"_bbp_voice_count":0,"_bbp_anonymous_reply_count":0,"_bbp_topic_count_hidden":0,"_bbp_reply_count_hidden":0,"_bbp_forum_subforum_count":0,"footnotes":""},"categories":[1,4],"tags":[],"class_list":["post-3238","post","type-post","status-publish","format-standard","has-post-thumbnail","hentry","category-general","category-portada"],"post_mailing_queue_ids":[],"_links":{"self":[{"href":"https:\/\/agora.xtec.cat\/ceip-jrj\/wp-json\/wp\/v2\/posts\/3238","targetHints":{"allow":["GET"]}}],"collection":[{"href":"https:\/\/agora.xtec.cat\/ceip-jrj\/wp-json\/wp\/v2\/posts"}],"about":[{"href":"https:\/\/agora.xtec.cat\/ceip-jrj\/wp-json\/wp\/v2\/types\/post"}],"author":[{"embeddable":true,"href":"https:\/\/agora.xtec.cat\/ceip-jrj\/wp-json\/wp\/v2\/users\/1"}],"replies":[{"embeddable":true,"href":"https:\/\/agora.xtec.cat\/ceip-jrj\/wp-json\/wp\/v2\/comments?post=3238"}],"version-history":[{"count":3,"href":"https:\/\/agora.xtec.cat\/ceip-jrj\/wp-json\/wp\/v2\/posts\/3238\/revisions"}],"predecessor-version":[{"id":3245,"href":"https:\/\/agora.xtec.cat\/ceip-jrj\/wp-json\/wp\/v2\/posts\/3238\/revisions\/3245"}],"wp:featuredmedia":[{"embeddable":true,"href":"https:\/\/agora.xtec.cat\/ceip-jrj\/wp-json\/wp\/v2\/media\/3239"}],"wp:attachment":[{"href":"https:\/\/agora.xtec.cat\/ceip-jrj\/wp-json\/wp\/v2\/media?parent=3238"}],"wp:term":[{"taxonomy":"category","embeddable":true,"href":"https:\/\/agora.xtec.cat\/ceip-jrj\/wp-json\/wp\/v2\/categories?post=3238"},{"taxonomy":"post_tag","embeddable":true,"href":"https:\/\/agora.xtec.cat\/ceip-jrj\/wp-json\/wp\/v2\/tags?post=3238"}],"curies":[{"name":"wp","href":"https:\/\/api.w.org\/{rel}","templated":true}]}}