{"id":3217,"date":"2020-03-20T20:03:38","date_gmt":"2020-03-20T19:03:38","guid":{"rendered":"http:\/\/agora.xtec.cat\/ceip-jrj\/?p=3217"},"modified":"2020-03-20T20:06:19","modified_gmt":"2020-03-20T19:06:19","slug":"avui-aprenem","status":"publish","type":"post","link":"https:\/\/agora.xtec.cat\/ceip-jrj\/general\/avui-aprenem\/","title":{"rendered":"&#8220;AVUI APRENEM&#8221;"},"content":{"rendered":"<h5 style=\"text-align: justify;\"><span style=\"color: #000000;\">Com sabeu Televisi\u00f3 de Catalunya i Catalunya R\u00e0dio han arribat a un acord amb el Departament d\u2019Educaci\u00f3 per fer difusi\u00f3 i\u00a0contribuir a l\u2019aprenentatge de tot l\u2019alumnat. <\/span><\/h5>\n<h5 style=\"text-align: justify;\"><span style=\"color: #000000;\">En el cas de Televisi\u00f3 de Catalunya, es far\u00e0 a trav\u00e9s de diferents programes del canal Super3 i del nou format digital \u201cAvui aprenem\u201d, un recull de peces o c\u00e0psules divulgatives sobre diferents \u00e0mbits.\u00a0<\/span><\/h5>\n<h5 style=\"text-align: justify;\"><span style=\"color: #000000;\">Us animem a qu\u00e8 hi feu un cop d&#8217;ull!<\/span><\/h5>\n<h5 style=\"text-align: justify;\"><span style=\"color: #000000;\">A trav\u00e9s d&#8217;aquest\u00a0enlla\u00e7\u00a0podeu accedir als continguts de l&#8217;espai\u00a0&#8220;AVUI APRENEM&#8221;<\/span><\/h5>\n<h2 style=\"text-align: center;\"><a href=\"https:\/\/www.ccma.cat\/tv3\/super3\/avui-aprenem\/fitxa-programa\/60456\/\">ENLLA\u00c7 &#8220;AVUI APRENEM&#8221;<\/a><\/h2>\n","protected":false},"excerpt":{"rendered":"<p>Com sabeu Televisi\u00f3 de Catalunya i Catalunya R\u00e0dio han arribat a un acord amb el Departament d\u2019Educaci\u00f3 per fer difusi\u00f3 i\u00a0contribuir a l\u2019aprenentatge de tot l\u2019alumnat.<br \/>\nEn el cas de Televisi\u00f3 de Catalunya, es far\u00e0 a trav\u00e9s de diferents programes del canal Super3 i del&hellip;  <a href=\"https:\/\/agora.xtec.cat\/ceip-jrj\/general\/avui-aprenem\/\" title=\"Read &#8220;AVUI APRENEM&#8221;\">Llegeix m\u00e9s\u00bb<\/a><\/p>\n","protected":false},"author":1,"featured_media":3218,"comment_status":"closed","ping_status":"closed","sticky":false,"template":"","format":"standard","meta":{"_bbp_topic_count":0,"_bbp_reply_count":0,"_bbp_total_topic_count":0,"_bbp_total_reply_count":0,"_bbp_voice_count":0,"_bbp_anonymous_reply_count":0,"_bbp_topic_count_hidden":0,"_bbp_reply_count_hidden":0,"_bbp_forum_subforum_count":0,"footnotes":""},"categories":[1,4],"tags":[],"class_list":["post-3217","post","type-post","status-publish","format-standard","has-post-thumbnail","hentry","category-general","category-portada"],"post_mailing_queue_ids":[],"_links":{"self":[{"href":"https:\/\/agora.xtec.cat\/ceip-jrj\/wp-json\/wp\/v2\/posts\/3217","targetHints":{"allow":["GET"]}}],"collection":[{"href":"https:\/\/agora.xtec.cat\/ceip-jrj\/wp-json\/wp\/v2\/posts"}],"about":[{"href":"https:\/\/agora.xtec.cat\/ceip-jrj\/wp-json\/wp\/v2\/types\/post"}],"author":[{"embeddable":true,"href":"https:\/\/agora.xtec.cat\/ceip-jrj\/wp-json\/wp\/v2\/users\/1"}],"replies":[{"embeddable":true,"href":"https:\/\/agora.xtec.cat\/ceip-jrj\/wp-json\/wp\/v2\/comments?post=3217"}],"version-history":[{"count":2,"href":"https:\/\/agora.xtec.cat\/ceip-jrj\/wp-json\/wp\/v2\/posts\/3217\/revisions"}],"predecessor-version":[{"id":3220,"href":"https:\/\/agora.xtec.cat\/ceip-jrj\/wp-json\/wp\/v2\/posts\/3217\/revisions\/3220"}],"wp:featuredmedia":[{"embeddable":true,"href":"https:\/\/agora.xtec.cat\/ceip-jrj\/wp-json\/wp\/v2\/media\/3218"}],"wp:attachment":[{"href":"https:\/\/agora.xtec.cat\/ceip-jrj\/wp-json\/wp\/v2\/media?parent=3217"}],"wp:term":[{"taxonomy":"category","embeddable":true,"href":"https:\/\/agora.xtec.cat\/ceip-jrj\/wp-json\/wp\/v2\/categories?post=3217"},{"taxonomy":"post_tag","embeddable":true,"href":"https:\/\/agora.xtec.cat\/ceip-jrj\/wp-json\/wp\/v2\/tags?post=3217"}],"curies":[{"name":"wp","href":"https:\/\/api.w.org\/{rel}","templated":true}]}}