{"id":3179,"date":"2020-03-16T20:38:57","date_gmt":"2020-03-16T19:38:57","guid":{"rendered":"http:\/\/agora.xtec.cat\/ceip-jrj\/?p=3179"},"modified":"2020-03-16T20:47:46","modified_gmt":"2020-03-16T19:47:46","slug":"els-mes-menuts-de-lescola-visiten-la-biblioteca","status":"publish","type":"post","link":"https:\/\/agora.xtec.cat\/ceip-jrj\/general\/els-mes-menuts-de-lescola-visiten-la-biblioteca\/","title":{"rendered":"ELS M\u00c9S MENUTS DE L&#8217;ESCOLA VISITEN LA BIBLIOTECA"},"content":{"rendered":"<p>El passat dimarts 10 de mar\u00e7 els infants de P-3 van visitar la Biblioteca Municipal. Va ser un mat\u00ed ple de sorpreses i diversi\u00f3, per\u00f2 tots els nens i les nenes ja saben que a la biblioteca toca fer silenci i parar atenci\u00f3. Les bibliotecaries\u00a0 van explicar com funciona la biblioteca i fins i tot els hi van fer un regal als infants&#8230; els hi van explicar un conte fant\u00e0stic. Quina visita m\u00e9s bonica!!! <a href=\"https:\/\/photos.app.goo.gl\/YKmKGyjJAPP8FKr36\">Si voleu veure les imatges de la visita cliqueu aqu\u00ed.<\/a><\/p>\n","protected":false},"excerpt":{"rendered":"<p>El passat dimarts 10 de mar\u00e7 els infants de P-3 van visitar la Biblioteca Municipal. Va ser un mat\u00ed ple de sorpreses i diversi\u00f3, per\u00f2 tots els nens i les nenes ja saben que a la biblioteca toca fer silenci i parar atenci\u00f3. Les bibliotecaries\u00a0&hellip;  <a href=\"https:\/\/agora.xtec.cat\/ceip-jrj\/general\/els-mes-menuts-de-lescola-visiten-la-biblioteca\/\" title=\"Read ELS M\u00c9S MENUTS DE L&#8217;ESCOLA VISITEN LA BIBLIOTECA\">Llegeix m\u00e9s\u00bb<\/a><\/p>\n","protected":false},"author":1,"featured_media":3180,"comment_status":"closed","ping_status":"closed","sticky":false,"template":"","format":"standard","meta":{"_bbp_topic_count":0,"_bbp_reply_count":0,"_bbp_total_topic_count":0,"_bbp_total_reply_count":0,"_bbp_voice_count":0,"_bbp_anonymous_reply_count":0,"_bbp_topic_count_hidden":0,"_bbp_reply_count_hidden":0,"_bbp_forum_subforum_count":0,"footnotes":""},"categories":[1,2,4],"tags":[],"class_list":["post-3179","post","type-post","status-publish","format-standard","has-post-thumbnail","hentry","category-general","category-infantil","category-portada"],"post_mailing_queue_ids":[],"_links":{"self":[{"href":"https:\/\/agora.xtec.cat\/ceip-jrj\/wp-json\/wp\/v2\/posts\/3179","targetHints":{"allow":["GET"]}}],"collection":[{"href":"https:\/\/agora.xtec.cat\/ceip-jrj\/wp-json\/wp\/v2\/posts"}],"about":[{"href":"https:\/\/agora.xtec.cat\/ceip-jrj\/wp-json\/wp\/v2\/types\/post"}],"author":[{"embeddable":true,"href":"https:\/\/agora.xtec.cat\/ceip-jrj\/wp-json\/wp\/v2\/users\/1"}],"replies":[{"embeddable":true,"href":"https:\/\/agora.xtec.cat\/ceip-jrj\/wp-json\/wp\/v2\/comments?post=3179"}],"version-history":[{"count":2,"href":"https:\/\/agora.xtec.cat\/ceip-jrj\/wp-json\/wp\/v2\/posts\/3179\/revisions"}],"predecessor-version":[{"id":3183,"href":"https:\/\/agora.xtec.cat\/ceip-jrj\/wp-json\/wp\/v2\/posts\/3179\/revisions\/3183"}],"wp:featuredmedia":[{"embeddable":true,"href":"https:\/\/agora.xtec.cat\/ceip-jrj\/wp-json\/wp\/v2\/media\/3180"}],"wp:attachment":[{"href":"https:\/\/agora.xtec.cat\/ceip-jrj\/wp-json\/wp\/v2\/media?parent=3179"}],"wp:term":[{"taxonomy":"category","embeddable":true,"href":"https:\/\/agora.xtec.cat\/ceip-jrj\/wp-json\/wp\/v2\/categories?post=3179"},{"taxonomy":"post_tag","embeddable":true,"href":"https:\/\/agora.xtec.cat\/ceip-jrj\/wp-json\/wp\/v2\/tags?post=3179"}],"curies":[{"name":"wp","href":"https:\/\/api.w.org\/{rel}","templated":true}]}}