{"id":3146,"date":"2020-02-29T18:53:49","date_gmt":"2020-02-29T17:53:49","guid":{"rendered":"http:\/\/agora.xtec.cat\/ceip-jrj\/?p=3146"},"modified":"2020-03-03T12:47:09","modified_gmt":"2020-03-03T11:47:09","slug":"nou-exit-de-la-campanya-de-donacio-de-sang","status":"publish","type":"post","link":"https:\/\/agora.xtec.cat\/ceip-jrj\/general\/nou-exit-de-la-campanya-de-donacio-de-sang\/","title":{"rendered":"NOU \u00c8XIT DE LA CAMPANYA DE DONACI\u00d3 DE SANG"},"content":{"rendered":"<p>L\u2019alumnat i els mestres de cinqu\u00e8 vam dur a terme la campanya de donaci\u00f3 de sang el passat dijous 27 de febrer.<\/p>\n<p>Va ser una jornada de conscienciaci\u00f3 molt interessant.<\/p>\n<p>A la nostra escola treballem de manera cohesionada i amb un fort engranatge amb entitats i associacions de diferent \u00edndole de la societat, en aquest cas hem participat amb el Departament de Salut de la Generalitat de Catalunya.<\/p>\n<p>Inicialment ens van venir a fer unes xerrades des del Banc de sang i teixits sobre el tema de la sang i les seves funcions en el nostre organisme, incidint sobre la necessitat de qu\u00e8 les persones entre 18 i 70 anys facin donacions. Ens van explicar les premisses i condicions per poder fer tals donacions.<\/p>\n<p>Vam ser nosaltres qui vam crear el logo i l\u2019 esl\u00f2gan de la campanya i vam fer un concurs. Val a dir que els vam relacionar amb l\u2019Eix Transversal que ens acompanya aquest curs escolar: <em>Cinema i Pel\u00b7l\u00edcules<\/em>. L\u2019esl\u00f2gan guanyador va ser: <strong>En q\u00fcesti\u00f3 de donaci\u00f3, TU ets el protagonista en acci\u00f3! <\/strong>I aix\u00ed vam fabricar unes xapes, que van ser els obsequis que vam donar als donants.<\/p>\n<p>Tot l\u2019alumnat de les dues classes de cinqu\u00e8 vam estar col\u00b7laborant de manera organitzada: vam repartir cartells per tota la vila, vam fer difusi\u00f3 pels voltants de l\u2019escola al mateix dia de la campanya, acompany\u00e0vem a les fam\u00edlies fins al gimn\u00e0s, els don\u00e0vem les enquestes a omplir i les facilit\u00e0vem al metge, ofer\u00edem refrigeri a posteriori de la donaci\u00f3, port\u00e0vem el control del nombre de donacions mitjan\u00e7ant un marcador, i don\u00e0vem un obsequi com a senyal d\u2019agra\u00efment a cada participant.<\/p>\n<p>Va ser un dia incre\u00efble!<\/p>\n<p>Finalment vam aconseguir 68 donacions!!<\/p>\n<p style=\"text-align: justify;\">Agra\u00efm a tots els donants la seva participaci\u00f3 i a l&#8217;alumnat i professorat de cinqu\u00e8 la seva col\u00b7laboraci\u00f3 en el projecte.<\/p>\n<p>Gr\u00e0cies a tots i a totes per ser exemple de solidaritat davant els vostres fills i filles<\/p>\n<p>Aqu\u00ed teniu un v\u00eddeo sobre la campanya a Martorell Televisi\u00f3 i podeu veure fotos a l&#8217;espai &#8220;FOTOS&#8221; de la web.<\/p>\n<p><iframe loading=\"lazy\" src=\"\/\/www.youtube.com\/embed\/4nHTct5RAhM?feature=emb_logo\" width=\"560\" height=\"314\"><\/iframe><\/p>\n","protected":false},"excerpt":{"rendered":"<p>L\u2019alumnat i els mestres de cinqu\u00e8 vam dur a terme la campanya de donaci\u00f3 de sang el passat dijous 27 de febrer.<br \/>\nVa ser una jornada de conscienciaci\u00f3 molt interessant.<br \/>\nA la nostra escola treballem de manera cohesionada i amb un fort engranatge amb entitats i associacions&hellip;  <a href=\"https:\/\/agora.xtec.cat\/ceip-jrj\/general\/nou-exit-de-la-campanya-de-donacio-de-sang\/\" title=\"Read NOU \u00c8XIT DE LA CAMPANYA DE DONACI\u00d3 DE SANG\">Llegeix m\u00e9s\u00bb<\/a><\/p>\n","protected":false},"author":1,"featured_media":3147,"comment_status":"closed","ping_status":"closed","sticky":false,"template":"","format":"standard","meta":{"_bbp_topic_count":0,"_bbp_reply_count":0,"_bbp_total_topic_count":0,"_bbp_total_reply_count":0,"_bbp_voice_count":0,"_bbp_anonymous_reply_count":0,"_bbp_topic_count_hidden":0,"_bbp_reply_count_hidden":0,"_bbp_forum_subforum_count":0,"footnotes":""},"categories":[1,4],"tags":[],"class_list":["post-3146","post","type-post","status-publish","format-standard","has-post-thumbnail","hentry","category-general","category-portada"],"post_mailing_queue_ids":[],"_links":{"self":[{"href":"https:\/\/agora.xtec.cat\/ceip-jrj\/wp-json\/wp\/v2\/posts\/3146","targetHints":{"allow":["GET"]}}],"collection":[{"href":"https:\/\/agora.xtec.cat\/ceip-jrj\/wp-json\/wp\/v2\/posts"}],"about":[{"href":"https:\/\/agora.xtec.cat\/ceip-jrj\/wp-json\/wp\/v2\/types\/post"}],"author":[{"embeddable":true,"href":"https:\/\/agora.xtec.cat\/ceip-jrj\/wp-json\/wp\/v2\/users\/1"}],"replies":[{"embeddable":true,"href":"https:\/\/agora.xtec.cat\/ceip-jrj\/wp-json\/wp\/v2\/comments?post=3146"}],"version-history":[{"count":3,"href":"https:\/\/agora.xtec.cat\/ceip-jrj\/wp-json\/wp\/v2\/posts\/3146\/revisions"}],"predecessor-version":[{"id":3156,"href":"https:\/\/agora.xtec.cat\/ceip-jrj\/wp-json\/wp\/v2\/posts\/3146\/revisions\/3156"}],"wp:featuredmedia":[{"embeddable":true,"href":"https:\/\/agora.xtec.cat\/ceip-jrj\/wp-json\/wp\/v2\/media\/3147"}],"wp:attachment":[{"href":"https:\/\/agora.xtec.cat\/ceip-jrj\/wp-json\/wp\/v2\/media?parent=3146"}],"wp:term":[{"taxonomy":"category","embeddable":true,"href":"https:\/\/agora.xtec.cat\/ceip-jrj\/wp-json\/wp\/v2\/categories?post=3146"},{"taxonomy":"post_tag","embeddable":true,"href":"https:\/\/agora.xtec.cat\/ceip-jrj\/wp-json\/wp\/v2\/tags?post=3146"}],"curies":[{"name":"wp","href":"https:\/\/api.w.org\/{rel}","templated":true}]}}