{"id":3130,"date":"2020-02-27T21:57:06","date_gmt":"2020-02-27T20:57:06","guid":{"rendered":"http:\/\/agora.xtec.cat\/ceip-jrj\/?p=3130"},"modified":"2020-02-27T21:57:06","modified_gmt":"2020-02-27T20:57:06","slug":"carnaval-a-cicle-mitja","status":"publish","type":"post","link":"https:\/\/agora.xtec.cat\/ceip-jrj\/general\/carnaval-a-cicle-mitja\/","title":{"rendered":"CARNAVAL A CICLE MITJ\u00c0"},"content":{"rendered":"<p><span style=\"font-size: medium;\">El passat divendres 21 de febrer els nens i les nenes de Cicle Mitj\u00e0 vam celebrar el Carnaval a l&#8217;escola<\/span>. <span style=\"font-size: medium;\">Amb tots els cursos ubicats a la pista central, l\u2019acte es va iniciar amb la rebuda i el preg\u00f3 de la Reina Carnestoltes. Tot seguit v\u00e0rem poder gaudir de les desfilades dels alumnes que duien unes disfresses relacionades amb la tem\u00e0tica d&#8217;escola d&#8217;enguany: El cinema.<\/span><br \/>\n\u200b\u200b<br \/>\n<span style=\"font-size: medium;\">\u200bAqu\u00ed teniu algunes imatges dels diferents grups del cicle.<\/span><\/p>\n<p><span style=\"font-size: medium;\">LLARGA VIDA AL CARNAVAL!<\/span><\/p>\n<p><a href=\"https:\/\/agora.xtec.cat\/ceip-jrj\/wp-content\/uploads\/usu280\/2020\/02\/IMG-20200227-WA0002.jpg\"><img loading=\"lazy\" decoding=\"async\" class=\"alignnone wp-image-3131 size-thumbnail\" src=\"https:\/\/agora.xtec.cat\/ceip-jrj\/wp-content\/uploads\/usu280\/2020\/02\/IMG-20200227-WA0002-150x150.jpg\" alt=\"\" width=\"150\" height=\"150\" \/><\/a><a href=\"https:\/\/agora.xtec.cat\/ceip-jrj\/wp-content\/uploads\/usu280\/2020\/02\/IMG-20200227-WA0004.jpg\"><img loading=\"lazy\" decoding=\"async\" class=\"alignnone wp-image-3132 size-thumbnail\" src=\"https:\/\/agora.xtec.cat\/ceip-jrj\/wp-content\/uploads\/usu280\/2020\/02\/IMG-20200227-WA0004-150x150.jpg\" alt=\"\" width=\"150\" height=\"150\" \/><\/a><a href=\"https:\/\/agora.xtec.cat\/ceip-jrj\/wp-content\/uploads\/usu280\/2020\/02\/IMG-20200227-WA0012.jpg\"><img loading=\"lazy\" decoding=\"async\" class=\"alignnone wp-image-3133 size-thumbnail\" src=\"https:\/\/agora.xtec.cat\/ceip-jrj\/wp-content\/uploads\/usu280\/2020\/02\/IMG-20200227-WA0012-150x150.jpg\" alt=\"\" width=\"150\" height=\"150\" \/><\/a><a href=\"https:\/\/agora.xtec.cat\/ceip-jrj\/wp-content\/uploads\/usu280\/2020\/02\/IMG-20200227-WA0013.jpg\"><img loading=\"lazy\" decoding=\"async\" class=\"alignnone wp-image-3134 size-thumbnail\" src=\"https:\/\/agora.xtec.cat\/ceip-jrj\/wp-content\/uploads\/usu280\/2020\/02\/IMG-20200227-WA0013-150x150.jpg\" alt=\"\" width=\"150\" height=\"150\" \/><\/a><\/p>\n","protected":false},"excerpt":{"rendered":"<p>El passat divendres 21 de febrer els nens i les nenes de Cicle Mitj\u00e0 vam celebrar el Carnaval a l&#8217;escola. Amb tots els cursos ubicats a la pista central, l\u2019acte es va iniciar amb la rebuda i el preg\u00f3 de la Reina Carnestoltes. Tot seguit&hellip;  <a href=\"https:\/\/agora.xtec.cat\/ceip-jrj\/general\/carnaval-a-cicle-mitja\/\" title=\"Read CARNAVAL A CICLE MITJ\u00c0\">Llegeix m\u00e9s\u00bb<\/a><\/p>\n","protected":false},"author":1,"featured_media":3135,"comment_status":"closed","ping_status":"closed","sticky":false,"template":"","format":"standard","meta":{"_bbp_topic_count":0,"_bbp_reply_count":0,"_bbp_total_topic_count":0,"_bbp_total_reply_count":0,"_bbp_voice_count":0,"_bbp_anonymous_reply_count":0,"_bbp_topic_count_hidden":0,"_bbp_reply_count_hidden":0,"_bbp_forum_subforum_count":0,"footnotes":""},"categories":[1,4],"tags":[],"class_list":["post-3130","post","type-post","status-publish","format-standard","has-post-thumbnail","hentry","category-general","category-portada"],"post_mailing_queue_ids":[],"_links":{"self":[{"href":"https:\/\/agora.xtec.cat\/ceip-jrj\/wp-json\/wp\/v2\/posts\/3130","targetHints":{"allow":["GET"]}}],"collection":[{"href":"https:\/\/agora.xtec.cat\/ceip-jrj\/wp-json\/wp\/v2\/posts"}],"about":[{"href":"https:\/\/agora.xtec.cat\/ceip-jrj\/wp-json\/wp\/v2\/types\/post"}],"author":[{"embeddable":true,"href":"https:\/\/agora.xtec.cat\/ceip-jrj\/wp-json\/wp\/v2\/users\/1"}],"replies":[{"embeddable":true,"href":"https:\/\/agora.xtec.cat\/ceip-jrj\/wp-json\/wp\/v2\/comments?post=3130"}],"version-history":[{"count":1,"href":"https:\/\/agora.xtec.cat\/ceip-jrj\/wp-json\/wp\/v2\/posts\/3130\/revisions"}],"predecessor-version":[{"id":3136,"href":"https:\/\/agora.xtec.cat\/ceip-jrj\/wp-json\/wp\/v2\/posts\/3130\/revisions\/3136"}],"wp:featuredmedia":[{"embeddable":true,"href":"https:\/\/agora.xtec.cat\/ceip-jrj\/wp-json\/wp\/v2\/media\/3135"}],"wp:attachment":[{"href":"https:\/\/agora.xtec.cat\/ceip-jrj\/wp-json\/wp\/v2\/media?parent=3130"}],"wp:term":[{"taxonomy":"category","embeddable":true,"href":"https:\/\/agora.xtec.cat\/ceip-jrj\/wp-json\/wp\/v2\/categories?post=3130"},{"taxonomy":"post_tag","embeddable":true,"href":"https:\/\/agora.xtec.cat\/ceip-jrj\/wp-json\/wp\/v2\/tags?post=3130"}],"curies":[{"name":"wp","href":"https:\/\/api.w.org\/{rel}","templated":true}]}}