{"id":3112,"date":"2020-02-26T17:37:18","date_gmt":"2020-02-26T16:37:18","guid":{"rendered":"http:\/\/agora.xtec.cat\/ceip-jrj\/?p=3112"},"modified":"2020-02-26T17:43:11","modified_gmt":"2020-02-26T16:43:11","slug":"donacio-de-sang-a-la-radio","status":"publish","type":"post","link":"https:\/\/agora.xtec.cat\/ceip-jrj\/general\/donacio-de-sang-a-la-radio\/","title":{"rendered":"REPRESENTANTS DE 5\u00e8 A R\u00c0DIO MARTORELL"},"content":{"rendered":"<p style=\"text-align: justify;\">Alumnes representants de la nostra escola han estat avui a R\u00e0dio Martorell per difondre la campanya de donaci\u00f3 de sang que es dur\u00e0 a terme al gimn\u00e0s del nostre centre aquest dijous 27 de febrer.<\/p>\n<p style=\"text-align: justify;\">Aqu\u00ed teniu la not\u00edcia publicada al web de l&#8217;ajuntament, on teniu un enlla\u00e7 per escoltar la intervenci\u00f3 de l&#8217;alumnat de 5\u00e8.<\/p>\n<p>https:\/\/noticies.martorell.cat\/alumnes-de-5e-de-lescola-juan-ramon-jimenez-coordinen-una-nova-capta-de-sang\/<\/p>\n<p>&nbsp;<\/p>\n","protected":false},"excerpt":{"rendered":"<p>Alumnes representants de la nostra escola han estat avui a R\u00e0dio Martorell per difondre la campanya de donaci\u00f3 de sang que es dur\u00e0 a terme al gimn\u00e0s del nostre centre aquest dijous 27 de febrer.<br \/>\nAqu\u00ed teniu la not\u00edcia publicada al web de l&#8217;ajuntament, on teniu&hellip;  <a href=\"https:\/\/agora.xtec.cat\/ceip-jrj\/general\/donacio-de-sang-a-la-radio\/\" title=\"Read REPRESENTANTS DE 5\u00e8 A R\u00c0DIO MARTORELL\">Llegeix m\u00e9s\u00bb<\/a><\/p>\n","protected":false},"author":1,"featured_media":3115,"comment_status":"closed","ping_status":"closed","sticky":false,"template":"","format":"standard","meta":{"_bbp_topic_count":0,"_bbp_reply_count":0,"_bbp_total_topic_count":0,"_bbp_total_reply_count":0,"_bbp_voice_count":0,"_bbp_anonymous_reply_count":0,"_bbp_topic_count_hidden":0,"_bbp_reply_count_hidden":0,"_bbp_forum_subforum_count":0,"footnotes":""},"categories":[1,4],"tags":[],"class_list":["post-3112","post","type-post","status-publish","format-standard","has-post-thumbnail","hentry","category-general","category-portada"],"post_mailing_queue_ids":[],"_links":{"self":[{"href":"https:\/\/agora.xtec.cat\/ceip-jrj\/wp-json\/wp\/v2\/posts\/3112","targetHints":{"allow":["GET"]}}],"collection":[{"href":"https:\/\/agora.xtec.cat\/ceip-jrj\/wp-json\/wp\/v2\/posts"}],"about":[{"href":"https:\/\/agora.xtec.cat\/ceip-jrj\/wp-json\/wp\/v2\/types\/post"}],"author":[{"embeddable":true,"href":"https:\/\/agora.xtec.cat\/ceip-jrj\/wp-json\/wp\/v2\/users\/1"}],"replies":[{"embeddable":true,"href":"https:\/\/agora.xtec.cat\/ceip-jrj\/wp-json\/wp\/v2\/comments?post=3112"}],"version-history":[{"count":3,"href":"https:\/\/agora.xtec.cat\/ceip-jrj\/wp-json\/wp\/v2\/posts\/3112\/revisions"}],"predecessor-version":[{"id":3116,"href":"https:\/\/agora.xtec.cat\/ceip-jrj\/wp-json\/wp\/v2\/posts\/3112\/revisions\/3116"}],"wp:featuredmedia":[{"embeddable":true,"href":"https:\/\/agora.xtec.cat\/ceip-jrj\/wp-json\/wp\/v2\/media\/3115"}],"wp:attachment":[{"href":"https:\/\/agora.xtec.cat\/ceip-jrj\/wp-json\/wp\/v2\/media?parent=3112"}],"wp:term":[{"taxonomy":"category","embeddable":true,"href":"https:\/\/agora.xtec.cat\/ceip-jrj\/wp-json\/wp\/v2\/categories?post=3112"},{"taxonomy":"post_tag","embeddable":true,"href":"https:\/\/agora.xtec.cat\/ceip-jrj\/wp-json\/wp\/v2\/tags?post=3112"}],"curies":[{"name":"wp","href":"https:\/\/api.w.org\/{rel}","templated":true}]}}