{"id":3088,"date":"2020-02-21T19:38:30","date_gmt":"2020-02-21T18:38:30","guid":{"rendered":"http:\/\/agora.xtec.cat\/ceip-jrj\/?p=3088"},"modified":"2020-02-23T12:53:42","modified_gmt":"2020-02-23T11:53:42","slug":"projecte-cinema-2n","status":"publish","type":"post","link":"https:\/\/agora.xtec.cat\/ceip-jrj\/general\/projecte-cinema-2n\/","title":{"rendered":"PROJECTE CINEMA 2n"},"content":{"rendered":"<p>Durant la setmana del 3 al 7 de febrer, tot l&#8217;alumnat de l&#8217;escola ha estat treballant el m\u00f3n del cinema, que \u00e9s el tema transversal d&#8217;enguany.<\/p>\n<p>Els nens i nenes de 2n, gaudim dels nostres tallers de pl\u00e0stica i manualitats relacionats amb els films que m\u00e9s ens agraden i amb els m\u00e9s personatges que m\u00e9s estimem i admirem del m\u00f3n cinematogr\u00e0fic.<\/p>\n<p><a href=\"https:\/\/agora.xtec.cat\/ceip-jrj\/wp-content\/uploads\/usu280\/2020\/02\/PicsArt_02-20-06.40.04.jpg\"><img loading=\"lazy\" decoding=\"async\" class=\"alignnone wp-image-3090\" src=\"https:\/\/agora.xtec.cat\/ceip-jrj\/wp-content\/uploads\/usu280\/2020\/02\/PicsArt_02-20-06.40.04-1024x1024.jpg\" alt=\"\" width=\"425\" height=\"425\" srcset=\"https:\/\/agora.xtec.cat\/ceip-jrj\/wp-content\/uploads\/usu280\/2020\/02\/PicsArt_02-20-06.40.04-1024x1024.jpg 1024w, https:\/\/agora.xtec.cat\/ceip-jrj\/wp-content\/uploads\/usu280\/2020\/02\/PicsArt_02-20-06.40.04-150x150.jpg 150w, https:\/\/agora.xtec.cat\/ceip-jrj\/wp-content\/uploads\/usu280\/2020\/02\/PicsArt_02-20-06.40.04-300x300.jpg 300w, https:\/\/agora.xtec.cat\/ceip-jrj\/wp-content\/uploads\/usu280\/2020\/02\/PicsArt_02-20-06.40.04-768x768.jpg 768w\" sizes=\"auto, (max-width: 425px) 100vw, 425px\" \/><\/a><a href=\"https:\/\/agora.xtec.cat\/ceip-jrj\/wp-content\/uploads\/usu280\/2020\/02\/IMG_20200220_185343.png\"><img loading=\"lazy\" decoding=\"async\" class=\"wp-image-3089 alignright\" src=\"https:\/\/agora.xtec.cat\/ceip-jrj\/wp-content\/uploads\/usu280\/2020\/02\/IMG_20200220_185343.png\" alt=\"\" width=\"430\" height=\"431\" srcset=\"https:\/\/agora.xtec.cat\/ceip-jrj\/wp-content\/uploads\/usu280\/2020\/02\/IMG_20200220_185343.png 720w, https:\/\/agora.xtec.cat\/ceip-jrj\/wp-content\/uploads\/usu280\/2020\/02\/IMG_20200220_185343-150x150.png 150w, https:\/\/agora.xtec.cat\/ceip-jrj\/wp-content\/uploads\/usu280\/2020\/02\/IMG_20200220_185343-300x300.png 300w\" sizes=\"auto, (max-width: 430px) 100vw, 430px\" \/><\/a><\/p>\n","protected":false},"excerpt":{"rendered":"<p>Durant la setmana del 3 al 7 de febrer, tot l&#8217;alumnat de l&#8217;escola ha estat treballant el m\u00f3n del cinema, que \u00e9s el tema transversal d&#8217;enguany.<br \/>\nEls nens i nenes de 2n, gaudim dels nostres tallers de pl\u00e0stica i manualitats relacionats amb els films que m\u00e9s&hellip;  <a href=\"https:\/\/agora.xtec.cat\/ceip-jrj\/general\/projecte-cinema-2n\/\" title=\"Read PROJECTE CINEMA 2n\">Llegeix m\u00e9s\u00bb<\/a><\/p>\n","protected":false},"author":1,"featured_media":3091,"comment_status":"closed","ping_status":"closed","sticky":false,"template":"","format":"standard","meta":{"_bbp_topic_count":0,"_bbp_reply_count":0,"_bbp_total_topic_count":0,"_bbp_total_reply_count":0,"_bbp_voice_count":0,"_bbp_anonymous_reply_count":0,"_bbp_topic_count_hidden":0,"_bbp_reply_count_hidden":0,"_bbp_forum_subforum_count":0,"footnotes":""},"categories":[11,1,4],"tags":[],"class_list":["post-3088","post","type-post","status-publish","format-standard","has-post-thumbnail","hentry","category-2n","category-general","category-portada"],"post_mailing_queue_ids":[],"_links":{"self":[{"href":"https:\/\/agora.xtec.cat\/ceip-jrj\/wp-json\/wp\/v2\/posts\/3088","targetHints":{"allow":["GET"]}}],"collection":[{"href":"https:\/\/agora.xtec.cat\/ceip-jrj\/wp-json\/wp\/v2\/posts"}],"about":[{"href":"https:\/\/agora.xtec.cat\/ceip-jrj\/wp-json\/wp\/v2\/types\/post"}],"author":[{"embeddable":true,"href":"https:\/\/agora.xtec.cat\/ceip-jrj\/wp-json\/wp\/v2\/users\/1"}],"replies":[{"embeddable":true,"href":"https:\/\/agora.xtec.cat\/ceip-jrj\/wp-json\/wp\/v2\/comments?post=3088"}],"version-history":[{"count":1,"href":"https:\/\/agora.xtec.cat\/ceip-jrj\/wp-json\/wp\/v2\/posts\/3088\/revisions"}],"predecessor-version":[{"id":3092,"href":"https:\/\/agora.xtec.cat\/ceip-jrj\/wp-json\/wp\/v2\/posts\/3088\/revisions\/3092"}],"wp:featuredmedia":[{"embeddable":true,"href":"https:\/\/agora.xtec.cat\/ceip-jrj\/wp-json\/wp\/v2\/media\/3091"}],"wp:attachment":[{"href":"https:\/\/agora.xtec.cat\/ceip-jrj\/wp-json\/wp\/v2\/media?parent=3088"}],"wp:term":[{"taxonomy":"category","embeddable":true,"href":"https:\/\/agora.xtec.cat\/ceip-jrj\/wp-json\/wp\/v2\/categories?post=3088"},{"taxonomy":"post_tag","embeddable":true,"href":"https:\/\/agora.xtec.cat\/ceip-jrj\/wp-json\/wp\/v2\/tags?post=3088"}],"curies":[{"name":"wp","href":"https:\/\/api.w.org\/{rel}","templated":true}]}}