{"id":3079,"date":"2020-02-20T13:48:00","date_gmt":"2020-02-20T12:48:00","guid":{"rendered":"http:\/\/agora.xtec.cat\/ceip-jrj\/?p=3079"},"modified":"2020-02-20T13:48:00","modified_gmt":"2020-02-20T12:48:00","slug":"concurs-de-lectura-en-veu-alta-al-juan-ramon-2","status":"publish","type":"post","link":"https:\/\/agora.xtec.cat\/ceip-jrj\/general\/concurs-de-lectura-en-veu-alta-al-juan-ramon-2\/","title":{"rendered":"CONCURS DE LECTURA EN VEU ALTA AL JUAN RAM\u00d3N"},"content":{"rendered":"<p style=\"text-align: justify;\">El passat 11 de febrer va tenir lloc, a la sala d\u2019actes de l\u2019escola, la tria dels nostres representats per al XVI Certamen de Lectura en Veu Alta de Catalunya.<\/p>\n<p style=\"text-align: justify;\">Per cicle mitj\u00e0 van participar la Laia \u00c1lvarez i el Mikel Fern\u00e1ndez de 4t A, i la Leire Guisado i el Max Morera de 4t B. Per cicle superior van participar el Moubarak Danni i la Miriam Fusalba de 6\u00e8 A, i la Claudia Chico i la Maria Gonzalez de 6\u00e8 B. Tots aquests alumnes, pr\u00e8viament a les aules, van estar seleccionats com a millors lectors en veu alta d\u2019entre els seus companys.<\/p>\n<p style=\"text-align: justify;\">El jurat, format per una mare i un pare d\u2019alumnes del centre, una representant de la comissi\u00f3 de biblioteca de l\u2019escola, la directora i els coordinadors dels cicles mitj\u00e0 i superior, ho va tenir molt dif\u00edcil per fer la tria dels guanyadors i dels guanyadors suplents.<\/p>\n<p style=\"text-align: justify;\">Abans de l\u2019arribada del Carnestoltes es va fer entrega dels diplomes i premis als quatre finalistes de cada cicle. Finalment, van resultar guanyadores, la Laia de 4tA i la Claudia Chico de 6\u00e8B.<\/p>\n<p style=\"text-align: justify;\">Van rebre com a premi les lectures proposades per l\u2019organitzaci\u00f3 del propi Certamen.<\/p>\n<p style=\"text-align: justify;\">Aquest any, els quarts de final del XVI Certamen de Lectura en Veu Alta tindran lloc al Centre Cultural de Martorell el dia 16 de mar\u00e7. Segur que gaudirem d\u2019una bona experi\u00e8ncia.<\/p>\n<p style=\"text-align: justify;\">Molta sort als participants!<\/p>\n<p><a href=\"https:\/\/agora.xtec.cat\/ceip-jrj\/wp-content\/uploads\/usu280\/2020\/02\/1-4.jpg\"><img loading=\"lazy\" decoding=\"async\" class=\"alignnone wp-image-3083 size-thumbnail\" src=\"https:\/\/agora.xtec.cat\/ceip-jrj\/wp-content\/uploads\/usu280\/2020\/02\/1-4-150x150.jpg\" alt=\"\" width=\"150\" height=\"150\" \/><\/a> <a href=\"https:\/\/agora.xtec.cat\/ceip-jrj\/wp-content\/uploads\/usu280\/2020\/02\/2-3.jpg\"><img loading=\"lazy\" decoding=\"async\" class=\"alignnone wp-image-3084 size-thumbnail\" src=\"https:\/\/agora.xtec.cat\/ceip-jrj\/wp-content\/uploads\/usu280\/2020\/02\/2-3-150x150.jpg\" alt=\"\" width=\"150\" height=\"150\" \/><\/a> <a href=\"https:\/\/agora.xtec.cat\/ceip-jrj\/wp-content\/uploads\/usu280\/2020\/02\/4-3.jpg\"><img loading=\"lazy\" decoding=\"async\" class=\"alignnone wp-image-3085 size-thumbnail\" src=\"https:\/\/agora.xtec.cat\/ceip-jrj\/wp-content\/uploads\/usu280\/2020\/02\/4-3-150x150.jpg\" alt=\"\" width=\"150\" height=\"150\" \/><\/a> <a href=\"https:\/\/agora.xtec.cat\/ceip-jrj\/wp-content\/uploads\/usu280\/2020\/02\/5-2.jpg\"><img loading=\"lazy\" decoding=\"async\" class=\"alignnone wp-image-3086 size-thumbnail\" src=\"https:\/\/agora.xtec.cat\/ceip-jrj\/wp-content\/uploads\/usu280\/2020\/02\/5-2-150x150.jpg\" alt=\"\" width=\"150\" height=\"150\" \/><\/a><\/p>\n","protected":false},"excerpt":{"rendered":"<p>El passat 11 de febrer va tenir lloc, a la sala d\u2019actes de l\u2019escola, la tria dels nostres representats per al XVI Certamen de Lectura en Veu Alta de Catalunya.<br \/>\nPer cicle mitj\u00e0 van participar la Laia \u00c1lvarez i el Mikel Fern\u00e1ndez de 4t A, i&hellip;  <a href=\"https:\/\/agora.xtec.cat\/ceip-jrj\/general\/concurs-de-lectura-en-veu-alta-al-juan-ramon-2\/\" title=\"Read CONCURS DE LECTURA EN VEU ALTA AL JUAN RAM\u00d3N\">Llegeix m\u00e9s\u00bb<\/a><\/p>\n","protected":false},"author":1,"featured_media":3082,"comment_status":"closed","ping_status":"closed","sticky":false,"template":"","format":"standard","meta":{"_bbp_topic_count":0,"_bbp_reply_count":0,"_bbp_total_topic_count":0,"_bbp_total_reply_count":0,"_bbp_voice_count":0,"_bbp_anonymous_reply_count":0,"_bbp_topic_count_hidden":0,"_bbp_reply_count_hidden":0,"_bbp_forum_subforum_count":0,"footnotes":""},"categories":[1,4],"tags":[],"class_list":["post-3079","post","type-post","status-publish","format-standard","has-post-thumbnail","hentry","category-general","category-portada"],"post_mailing_queue_ids":[],"_links":{"self":[{"href":"https:\/\/agora.xtec.cat\/ceip-jrj\/wp-json\/wp\/v2\/posts\/3079","targetHints":{"allow":["GET"]}}],"collection":[{"href":"https:\/\/agora.xtec.cat\/ceip-jrj\/wp-json\/wp\/v2\/posts"}],"about":[{"href":"https:\/\/agora.xtec.cat\/ceip-jrj\/wp-json\/wp\/v2\/types\/post"}],"author":[{"embeddable":true,"href":"https:\/\/agora.xtec.cat\/ceip-jrj\/wp-json\/wp\/v2\/users\/1"}],"replies":[{"embeddable":true,"href":"https:\/\/agora.xtec.cat\/ceip-jrj\/wp-json\/wp\/v2\/comments?post=3079"}],"version-history":[{"count":1,"href":"https:\/\/agora.xtec.cat\/ceip-jrj\/wp-json\/wp\/v2\/posts\/3079\/revisions"}],"predecessor-version":[{"id":3087,"href":"https:\/\/agora.xtec.cat\/ceip-jrj\/wp-json\/wp\/v2\/posts\/3079\/revisions\/3087"}],"wp:featuredmedia":[{"embeddable":true,"href":"https:\/\/agora.xtec.cat\/ceip-jrj\/wp-json\/wp\/v2\/media\/3082"}],"wp:attachment":[{"href":"https:\/\/agora.xtec.cat\/ceip-jrj\/wp-json\/wp\/v2\/media?parent=3079"}],"wp:term":[{"taxonomy":"category","embeddable":true,"href":"https:\/\/agora.xtec.cat\/ceip-jrj\/wp-json\/wp\/v2\/categories?post=3079"},{"taxonomy":"post_tag","embeddable":true,"href":"https:\/\/agora.xtec.cat\/ceip-jrj\/wp-json\/wp\/v2\/tags?post=3079"}],"curies":[{"name":"wp","href":"https:\/\/api.w.org\/{rel}","templated":true}]}}