{"id":3072,"date":"2020-02-20T13:18:18","date_gmt":"2020-02-20T12:18:18","guid":{"rendered":"http:\/\/agora.xtec.cat\/ceip-jrj\/?p=3072"},"modified":"2020-02-20T13:18:58","modified_gmt":"2020-02-20T12:18:58","slug":"en-questio-de-donacio-tu-ets-el-protagonista-en-accio","status":"publish","type":"post","link":"https:\/\/agora.xtec.cat\/ceip-jrj\/general\/en-questio-de-donacio-tu-ets-el-protagonista-en-accio\/","title":{"rendered":"EN Q\u00dcESTI\u00d3 DE DONACI\u00d3, TU ETS EL PROTAGONISTA EN ACCI\u00d3"},"content":{"rendered":"<p>L&#8217;alumnat de 5\u00e8, un any m\u00e9s, est\u00e0 organitzant una campanya de donaci\u00f3 de sang col\u00b7laborant amb el Banc de Sang i Teixits de Barcelona (Departament de Salut de la Generalitat de Catalunya).<\/p>\n<p>Di\u00e0riament es necessiten mil donants per a oferir una bona garantia a la nostra Sanitat. Us demanem que vingueu al nostre centre educatiu per a donar sang i poder, aix\u00ed, salvar moltes vides! La sang \u00e9s l&#8217;arrel de la vida.<\/p>\n<p>La donaci\u00f3 es far\u00e0 el proper\u00a0<strong>dijous 27 de febrer <\/strong>al gimn\u00e0s de la nostra escola, des de les 9h fins a les 13h del mat\u00ed i des de les 15&#8217;30h fins a les 19h de la tarda.<\/p>\n<p>Recorda que per a poder donar sang has de seguir aquestes recomanacions:<\/p>\n<ul>\n<li>Poden donar sang les persones entre els 18 i 70 anys, amb un pes superior a 50kg.<\/li>\n<li>Les dones embarassades no poden donar sang.<\/li>\n<li>El per\u00edode que ha de transc\u00f3rrer entre cada donaci\u00f3 \u00e9s de dos mesos.<\/li>\n<li>Les persones que s&#8217;han fet un tatuatge recentment han d&#8217;esperar quatre mesos per poder donar sang.<\/li>\n<li>\u00c9s important menjar alguna cosa abans de fer la donaci\u00f3.<\/li>\n<\/ul>\n<p>Sabem que la campanya assolir\u00e0 uns resultats excel\u00b7lents de participaci\u00f3 gr\u00e0cies a tots\/es vosaltres!<a href=\"https:\/\/agora.xtec.cat\/ceip-jrj\/wp-content\/uploads\/usu280\/2020\/02\/CARTELL-donaci\u00f3-sang-2020.jpg\"><img loading=\"lazy\" decoding=\"async\" class=\"size-large wp-image-3076 aligncenter\" src=\"https:\/\/agora.xtec.cat\/ceip-jrj\/wp-content\/uploads\/usu280\/2020\/02\/CARTELL-donaci\u00f3-sang-2020-724x1024.jpg\" alt=\"\" width=\"724\" height=\"1024\" srcset=\"https:\/\/agora.xtec.cat\/ceip-jrj\/wp-content\/uploads\/usu280\/2020\/02\/CARTELL-donaci\u00f3-sang-2020-724x1024.jpg 724w, https:\/\/agora.xtec.cat\/ceip-jrj\/wp-content\/uploads\/usu280\/2020\/02\/CARTELL-donaci\u00f3-sang-2020-212x300.jpg 212w, https:\/\/agora.xtec.cat\/ceip-jrj\/wp-content\/uploads\/usu280\/2020\/02\/CARTELL-donaci\u00f3-sang-2020-768x1087.jpg 768w, https:\/\/agora.xtec.cat\/ceip-jrj\/wp-content\/uploads\/usu280\/2020\/02\/CARTELL-donaci\u00f3-sang-2020.jpg 841w\" sizes=\"auto, (max-width: 724px) 100vw, 724px\" \/><\/a><\/p>\n","protected":false},"excerpt":{"rendered":"<p>L&#8217;alumnat de 5\u00e8, un any m\u00e9s, est\u00e0 organitzant una campanya de donaci\u00f3 de sang col\u00b7laborant amb el Banc de Sang i Teixits de Barcelona (Departament de Salut de la Generalitat de Catalunya).<br \/>\nDi\u00e0riament es necessiten mil donants per a oferir una bona garantia a la nostra&hellip;  <a href=\"https:\/\/agora.xtec.cat\/ceip-jrj\/general\/en-questio-de-donacio-tu-ets-el-protagonista-en-accio\/\" title=\"Read EN Q\u00dcESTI\u00d3 DE DONACI\u00d3, TU ETS EL PROTAGONISTA EN ACCI\u00d3\">Llegeix m\u00e9s\u00bb<\/a><\/p>\n","protected":false},"author":1,"featured_media":3076,"comment_status":"closed","ping_status":"closed","sticky":false,"template":"","format":"standard","meta":{"_bbp_topic_count":0,"_bbp_reply_count":0,"_bbp_total_topic_count":0,"_bbp_total_reply_count":0,"_bbp_voice_count":0,"_bbp_anonymous_reply_count":0,"_bbp_topic_count_hidden":0,"_bbp_reply_count_hidden":0,"_bbp_forum_subforum_count":0,"footnotes":""},"categories":[1,4],"tags":[],"class_list":["post-3072","post","type-post","status-publish","format-standard","has-post-thumbnail","hentry","category-general","category-portada"],"post_mailing_queue_ids":[],"_links":{"self":[{"href":"https:\/\/agora.xtec.cat\/ceip-jrj\/wp-json\/wp\/v2\/posts\/3072","targetHints":{"allow":["GET"]}}],"collection":[{"href":"https:\/\/agora.xtec.cat\/ceip-jrj\/wp-json\/wp\/v2\/posts"}],"about":[{"href":"https:\/\/agora.xtec.cat\/ceip-jrj\/wp-json\/wp\/v2\/types\/post"}],"author":[{"embeddable":true,"href":"https:\/\/agora.xtec.cat\/ceip-jrj\/wp-json\/wp\/v2\/users\/1"}],"replies":[{"embeddable":true,"href":"https:\/\/agora.xtec.cat\/ceip-jrj\/wp-json\/wp\/v2\/comments?post=3072"}],"version-history":[{"count":1,"href":"https:\/\/agora.xtec.cat\/ceip-jrj\/wp-json\/wp\/v2\/posts\/3072\/revisions"}],"predecessor-version":[{"id":3077,"href":"https:\/\/agora.xtec.cat\/ceip-jrj\/wp-json\/wp\/v2\/posts\/3072\/revisions\/3077"}],"wp:featuredmedia":[{"embeddable":true,"href":"https:\/\/agora.xtec.cat\/ceip-jrj\/wp-json\/wp\/v2\/media\/3076"}],"wp:attachment":[{"href":"https:\/\/agora.xtec.cat\/ceip-jrj\/wp-json\/wp\/v2\/media?parent=3072"}],"wp:term":[{"taxonomy":"category","embeddable":true,"href":"https:\/\/agora.xtec.cat\/ceip-jrj\/wp-json\/wp\/v2\/categories?post=3072"},{"taxonomy":"post_tag","embeddable":true,"href":"https:\/\/agora.xtec.cat\/ceip-jrj\/wp-json\/wp\/v2\/tags?post=3072"}],"curies":[{"name":"wp","href":"https:\/\/api.w.org\/{rel}","templated":true}]}}