{"id":3057,"date":"2020-02-15T15:19:02","date_gmt":"2020-02-15T14:19:02","guid":{"rendered":"http:\/\/agora.xtec.cat\/ceip-jrj\/?p=3057"},"modified":"2020-02-17T08:44:16","modified_gmt":"2020-02-17T07:44:16","slug":"mobilitat-segura-a-6e","status":"publish","type":"post","link":"https:\/\/agora.xtec.cat\/ceip-jrj\/general\/mobilitat-segura-a-6e\/","title":{"rendered":"MOBILITAT SEGURA A 6\u00e8"},"content":{"rendered":"<h5><span style=\"font-size: 11.5pt; font-family: 'Verdana','sans-serif'; color: #222222;\">La Policia Local de Martorell ens ha visitat per dur a terme la primera sessi\u00f3 del Programa d\u2019Educaci\u00f3 per a la Mobilitat Segura.<\/span><\/h5>\n<h5><span style=\"font-size: 11.5pt; font-family: 'Verdana','sans-serif'; color: #222222;\">Hem realitzat unes activitats a l\u2019aula per tal d\u2019aprendre a conviure a la via p\u00fablica, respectar la normativa i prevenir situacions de risc. <\/span><\/h5>\n<h5><span style=\"font-size: 11.5pt; font-family: 'Verdana','sans-serif'; color: #222222;\">Al maig realitzarem l\u2019activitat pr\u00e0ctica, en bicicleta, en la que posarem en pr\u00e0ctica els continguts apresos en aquesta primera sessi\u00f3. <\/span><\/h5>\n<h5><\/h5>\n<h5><span style=\"font-size: 11.5pt; font-family: 'Verdana','sans-serif'; color: #222222;\">Aqu\u00ed podeu veure algunes fotos i un v\u00eddeo de l&#8217;activitat.<\/span><\/h5>\n<p><a href=\"https:\/\/agora.xtec.cat\/ceip-jrj\/wp-content\/uploads\/usu280\/2020\/02\/IMG_20200214_092003687.jpg\"><img loading=\"lazy\" decoding=\"async\" class=\"alignnone wp-image-3060 size-thumbnail\" src=\"https:\/\/agora.xtec.cat\/ceip-jrj\/wp-content\/uploads\/usu280\/2020\/02\/IMG_20200214_092003687-150x150.jpg\" alt=\"\" width=\"150\" height=\"150\" \/><\/a><a href=\"https:\/\/agora.xtec.cat\/ceip-jrj\/wp-content\/uploads\/usu280\/2020\/02\/1-3.jpg\"><img loading=\"lazy\" decoding=\"async\" class=\"alignnone wp-image-3065 size-thumbnail\" src=\"https:\/\/agora.xtec.cat\/ceip-jrj\/wp-content\/uploads\/usu280\/2020\/02\/1-3-150x150.jpg\" alt=\"\" width=\"150\" height=\"150\" \/><\/a><a href=\"https:\/\/agora.xtec.cat\/ceip-jrj\/wp-content\/uploads\/usu280\/2020\/02\/2-2.jpg\"><img loading=\"lazy\" decoding=\"async\" class=\"alignnone wp-image-3066 size-thumbnail\" src=\"https:\/\/agora.xtec.cat\/ceip-jrj\/wp-content\/uploads\/usu280\/2020\/02\/2-2-150x150.jpg\" alt=\"\" width=\"150\" height=\"150\" \/><\/a><a href=\"https:\/\/agora.xtec.cat\/ceip-jrj\/wp-content\/uploads\/usu280\/2020\/02\/3-2.jpg\"><img loading=\"lazy\" decoding=\"async\" class=\"alignnone wp-image-3067 size-thumbnail\" src=\"https:\/\/agora.xtec.cat\/ceip-jrj\/wp-content\/uploads\/usu280\/2020\/02\/3-2-150x150.jpg\" alt=\"\" width=\"150\" height=\"150\" \/><\/a><a href=\"https:\/\/agora.xtec.cat\/ceip-jrj\/wp-content\/uploads\/usu280\/2020\/02\/4-2.jpg\"><img loading=\"lazy\" decoding=\"async\" class=\"alignnone wp-image-3068 size-thumbnail\" src=\"https:\/\/agora.xtec.cat\/ceip-jrj\/wp-content\/uploads\/usu280\/2020\/02\/4-2-150x150.jpg\" alt=\"\" width=\"150\" height=\"150\" \/><\/a><\/p>\n<p><iframe loading=\"lazy\" src=\"\/\/www.youtube.com\/embed\/stFrYbBsAGs\" width=\"560\" height=\"314\" allowfullscreen=\"allowfullscreen\"><\/iframe><\/p>\n<p>&nbsp;<\/p>\n","protected":false},"excerpt":{"rendered":"<p>La Policia Local de Martorell ens ha visitat per dur a terme la primera sessi\u00f3 del Programa d\u2019Educaci\u00f3 per a la Mobilitat Segura.<br \/>\nHem realitzat unes activitats a l\u2019aula per tal d\u2019aprendre a conviure a la via p\u00fablica, respectar la normativa i prevenir situacions de risc.&hellip;  <a href=\"https:\/\/agora.xtec.cat\/ceip-jrj\/general\/mobilitat-segura-a-6e\/\" title=\"Read MOBILITAT SEGURA A 6\u00e8\">Llegeix m\u00e9s\u00bb<\/a><\/p>\n","protected":false},"author":1,"featured_media":3059,"comment_status":"closed","ping_status":"closed","sticky":false,"template":"","format":"standard","meta":{"_bbp_topic_count":0,"_bbp_reply_count":0,"_bbp_total_topic_count":0,"_bbp_total_reply_count":0,"_bbp_voice_count":0,"_bbp_anonymous_reply_count":0,"_bbp_topic_count_hidden":0,"_bbp_reply_count_hidden":0,"_bbp_forum_subforum_count":0,"footnotes":""},"categories":[1,4],"tags":[],"class_list":["post-3057","post","type-post","status-publish","format-standard","has-post-thumbnail","hentry","category-general","category-portada"],"post_mailing_queue_ids":[],"_links":{"self":[{"href":"https:\/\/agora.xtec.cat\/ceip-jrj\/wp-json\/wp\/v2\/posts\/3057","targetHints":{"allow":["GET"]}}],"collection":[{"href":"https:\/\/agora.xtec.cat\/ceip-jrj\/wp-json\/wp\/v2\/posts"}],"about":[{"href":"https:\/\/agora.xtec.cat\/ceip-jrj\/wp-json\/wp\/v2\/types\/post"}],"author":[{"embeddable":true,"href":"https:\/\/agora.xtec.cat\/ceip-jrj\/wp-json\/wp\/v2\/users\/1"}],"replies":[{"embeddable":true,"href":"https:\/\/agora.xtec.cat\/ceip-jrj\/wp-json\/wp\/v2\/comments?post=3057"}],"version-history":[{"count":3,"href":"https:\/\/agora.xtec.cat\/ceip-jrj\/wp-json\/wp\/v2\/posts\/3057\/revisions"}],"predecessor-version":[{"id":3069,"href":"https:\/\/agora.xtec.cat\/ceip-jrj\/wp-json\/wp\/v2\/posts\/3057\/revisions\/3069"}],"wp:featuredmedia":[{"embeddable":true,"href":"https:\/\/agora.xtec.cat\/ceip-jrj\/wp-json\/wp\/v2\/media\/3059"}],"wp:attachment":[{"href":"https:\/\/agora.xtec.cat\/ceip-jrj\/wp-json\/wp\/v2\/media?parent=3057"}],"wp:term":[{"taxonomy":"category","embeddable":true,"href":"https:\/\/agora.xtec.cat\/ceip-jrj\/wp-json\/wp\/v2\/categories?post=3057"},{"taxonomy":"post_tag","embeddable":true,"href":"https:\/\/agora.xtec.cat\/ceip-jrj\/wp-json\/wp\/v2\/tags?post=3057"}],"curies":[{"name":"wp","href":"https:\/\/api.w.org\/{rel}","templated":true}]}}