{"id":3049,"date":"2020-02-14T14:33:21","date_gmt":"2020-02-14T13:33:21","guid":{"rendered":"http:\/\/agora.xtec.cat\/ceip-jrj\/?p=3049"},"modified":"2020-02-14T14:33:21","modified_gmt":"2020-02-14T13:33:21","slug":"les-delegades-i-els-delegats-expliquen-lapilo-a-p3","status":"publish","type":"post","link":"https:\/\/agora.xtec.cat\/ceip-jrj\/general\/les-delegades-i-els-delegats-expliquen-lapilo-a-p3\/","title":{"rendered":"LES DELEGADES I ELS DELEGATS EXPLIQUEN &#8220;L&#8217;APILO&#8221; A P3"},"content":{"rendered":"<h5 style=\"text-align: justify;\">El passat dimecres 12 de febrer, els representant de l&#8217;alumnat de prim\u00e0ria van tenir una altra reuni\u00f3, per\u00f2 aquest dia van realitzar una tasca de conscienciaci\u00f3.<\/h5>\n<h5 style=\"text-align: justify;\">Tots ells van anar a les aules de P3 i els van explicar, mitjan\u00e7ant\u00a0una demostraci\u00f3, com n&#8217;\u00e9s d&#8217;important el reciclatge de les piles. Van mostrar que si no tirem les piles i bateries gastades al contenidor correcte, els humans podem acabar ingerint les subst\u00e0ncies tan perjudicials que porten. Ho van fer fant\u00e0scimant b\u00e9!<\/h5>\n<h5 style=\"text-align: justify;\">A l&#8217;alumnat de P3 els va quedar clar i se&#8217;n van anar a casa amb un petit contenidor de cartr\u00f3 que poden dur a l&#8217;escola un cop el tinguin\u00a0ple.<\/h5>\n<h5 style=\"text-align: justify;\">D&#8217;aquesta manera continuem transmetent els valors de la import\u00e0ncia de la cura del medi ambient.<\/h5>\n<p>&nbsp;<\/p>\n<p><a href=\"https:\/\/agora.xtec.cat\/ceip-jrj\/wp-content\/uploads\/usu280\/2020\/02\/PHOTO-2020-02-12-10-41-29-1.jpg\"><img loading=\"lazy\" decoding=\"async\" class=\"alignnone wp-image-3050 size-thumbnail\" src=\"https:\/\/agora.xtec.cat\/ceip-jrj\/wp-content\/uploads\/usu280\/2020\/02\/PHOTO-2020-02-12-10-41-29-1-150x150.jpg\" alt=\"\" width=\"150\" height=\"150\" \/><\/a> <a href=\"https:\/\/agora.xtec.cat\/ceip-jrj\/wp-content\/uploads\/usu280\/2020\/02\/PHOTO-2020-02-12-10-41-30-2.jpg\"><img loading=\"lazy\" decoding=\"async\" class=\"alignnone wp-image-3052 size-thumbnail\" src=\"https:\/\/agora.xtec.cat\/ceip-jrj\/wp-content\/uploads\/usu280\/2020\/02\/PHOTO-2020-02-12-10-41-30-2-150x150.jpg\" alt=\"\" width=\"150\" height=\"150\" \/><\/a> <a href=\"https:\/\/agora.xtec.cat\/ceip-jrj\/wp-content\/uploads\/usu280\/2020\/02\/PHOTO-2020-02-12-10-41-30.jpg\"><img loading=\"lazy\" decoding=\"async\" class=\"alignnone wp-image-3053 size-thumbnail\" src=\"https:\/\/agora.xtec.cat\/ceip-jrj\/wp-content\/uploads\/usu280\/2020\/02\/PHOTO-2020-02-12-10-41-30-150x150.jpg\" alt=\"\" width=\"150\" height=\"150\" \/><\/a> <a href=\"https:\/\/agora.xtec.cat\/ceip-jrj\/wp-content\/uploads\/usu280\/2020\/02\/PHOTO-2020-02-12-10-41-31-2.jpg\"><img loading=\"lazy\" decoding=\"async\" class=\"alignnone wp-image-3054 size-thumbnail\" src=\"https:\/\/agora.xtec.cat\/ceip-jrj\/wp-content\/uploads\/usu280\/2020\/02\/PHOTO-2020-02-12-10-41-31-2-150x150.jpg\" alt=\"\" width=\"150\" height=\"150\" \/><\/a> <a href=\"https:\/\/agora.xtec.cat\/ceip-jrj\/wp-content\/uploads\/usu280\/2020\/02\/PHOTO-2020-02-12-10-41-31.jpg\"><img loading=\"lazy\" decoding=\"async\" class=\"alignnone wp-image-3055 size-thumbnail\" src=\"https:\/\/agora.xtec.cat\/ceip-jrj\/wp-content\/uploads\/usu280\/2020\/02\/PHOTO-2020-02-12-10-41-31-150x150.jpg\" alt=\"\" width=\"150\" height=\"150\" \/><\/a><\/p>\n","protected":false},"excerpt":{"rendered":"<p>El passat dimecres 12 de febrer, els representant de l&#8217;alumnat de prim\u00e0ria van tenir una altra reuni\u00f3, per\u00f2 aquest dia van realitzar una tasca de conscienciaci\u00f3.<br \/>\nTots ells van anar a les aules de P3 i els van explicar, mitjan\u00e7ant\u00a0una demostraci\u00f3, com n&#8217;\u00e9s d&#8217;important el reciclatge&hellip;  <a href=\"https:\/\/agora.xtec.cat\/ceip-jrj\/general\/les-delegades-i-els-delegats-expliquen-lapilo-a-p3\/\" title=\"Read LES DELEGADES I ELS DELEGATS EXPLIQUEN &#8220;L&#8217;APILO&#8221; A P3\">Llegeix m\u00e9s\u00bb<\/a><\/p>\n","protected":false},"author":1,"featured_media":3051,"comment_status":"closed","ping_status":"closed","sticky":false,"template":"","format":"standard","meta":{"_bbp_topic_count":0,"_bbp_reply_count":0,"_bbp_total_topic_count":0,"_bbp_total_reply_count":0,"_bbp_voice_count":0,"_bbp_anonymous_reply_count":0,"_bbp_topic_count_hidden":0,"_bbp_reply_count_hidden":0,"_bbp_forum_subforum_count":0,"footnotes":""},"categories":[1,4],"tags":[],"class_list":["post-3049","post","type-post","status-publish","format-standard","has-post-thumbnail","hentry","category-general","category-portada"],"post_mailing_queue_ids":[],"_links":{"self":[{"href":"https:\/\/agora.xtec.cat\/ceip-jrj\/wp-json\/wp\/v2\/posts\/3049","targetHints":{"allow":["GET"]}}],"collection":[{"href":"https:\/\/agora.xtec.cat\/ceip-jrj\/wp-json\/wp\/v2\/posts"}],"about":[{"href":"https:\/\/agora.xtec.cat\/ceip-jrj\/wp-json\/wp\/v2\/types\/post"}],"author":[{"embeddable":true,"href":"https:\/\/agora.xtec.cat\/ceip-jrj\/wp-json\/wp\/v2\/users\/1"}],"replies":[{"embeddable":true,"href":"https:\/\/agora.xtec.cat\/ceip-jrj\/wp-json\/wp\/v2\/comments?post=3049"}],"version-history":[{"count":1,"href":"https:\/\/agora.xtec.cat\/ceip-jrj\/wp-json\/wp\/v2\/posts\/3049\/revisions"}],"predecessor-version":[{"id":3056,"href":"https:\/\/agora.xtec.cat\/ceip-jrj\/wp-json\/wp\/v2\/posts\/3049\/revisions\/3056"}],"wp:featuredmedia":[{"embeddable":true,"href":"https:\/\/agora.xtec.cat\/ceip-jrj\/wp-json\/wp\/v2\/media\/3051"}],"wp:attachment":[{"href":"https:\/\/agora.xtec.cat\/ceip-jrj\/wp-json\/wp\/v2\/media?parent=3049"}],"wp:term":[{"taxonomy":"category","embeddable":true,"href":"https:\/\/agora.xtec.cat\/ceip-jrj\/wp-json\/wp\/v2\/categories?post=3049"},{"taxonomy":"post_tag","embeddable":true,"href":"https:\/\/agora.xtec.cat\/ceip-jrj\/wp-json\/wp\/v2\/tags?post=3049"}],"curies":[{"name":"wp","href":"https:\/\/api.w.org\/{rel}","templated":true}]}}