{"id":3046,"date":"2020-02-14T11:30:40","date_gmt":"2020-02-14T10:30:40","guid":{"rendered":"http:\/\/agora.xtec.cat\/ceip-jrj\/?p=3046"},"modified":"2020-02-14T11:30:40","modified_gmt":"2020-02-14T10:30:40","slug":"projecte-cinema-1r","status":"publish","type":"post","link":"https:\/\/agora.xtec.cat\/ceip-jrj\/general\/projecte-cinema-1r\/","title":{"rendered":"PROJECTE CINEMA 1r"},"content":{"rendered":"<p>Durant la setmana del 3 al 7 de febrer, tot l&#8217;alumnat de l&#8217;escola ha estat treballant el m\u00f3n del cinema, que \u00e9s el tema transversal d&#8217;enguany.<\/p>\n<p>Els nens i nenes de 1r, a m\u00e9s de gaudir, hem apr\u00e8s molt\u00edssimes coses del 7\u00e8 art. Feu-li un cop d&#8217;ull al nostre reportatge fotogr\u00e0fic!<\/p>\n<h3 style=\"text-align: center;\"><a href=\"https:\/\/photos.app.goo.gl\/15BSreySCZP5WTgFA\">PROJECTE CINEMA 1r<\/a><\/h3>\n","protected":false},"excerpt":{"rendered":"<p>Durant la setmana del 3 al 7 de febrer, tot l&#8217;alumnat de l&#8217;escola ha estat treballant el m\u00f3n del cinema, que \u00e9s el tema transversal d&#8217;enguany.<br \/>\nEls nens i nenes de 1r, a m\u00e9s de gaudir, hem apr\u00e8s molt\u00edssimes coses del 7\u00e8 art. Feu-li un cop&hellip;  <a href=\"https:\/\/agora.xtec.cat\/ceip-jrj\/general\/projecte-cinema-1r\/\" title=\"Read PROJECTE CINEMA 1r\">Llegeix m\u00e9s\u00bb<\/a><\/p>\n","protected":false},"author":1,"featured_media":3047,"comment_status":"closed","ping_status":"closed","sticky":false,"template":"","format":"standard","meta":{"_bbp_topic_count":0,"_bbp_reply_count":0,"_bbp_total_topic_count":0,"_bbp_total_reply_count":0,"_bbp_voice_count":0,"_bbp_anonymous_reply_count":0,"_bbp_topic_count_hidden":0,"_bbp_reply_count_hidden":0,"_bbp_forum_subforum_count":0,"footnotes":""},"categories":[10,1,4,5],"tags":[],"class_list":["post-3046","post","type-post","status-publish","format-standard","has-post-thumbnail","hentry","category-1r","category-general","category-portada","category-primaria"],"post_mailing_queue_ids":[],"_links":{"self":[{"href":"https:\/\/agora.xtec.cat\/ceip-jrj\/wp-json\/wp\/v2\/posts\/3046","targetHints":{"allow":["GET"]}}],"collection":[{"href":"https:\/\/agora.xtec.cat\/ceip-jrj\/wp-json\/wp\/v2\/posts"}],"about":[{"href":"https:\/\/agora.xtec.cat\/ceip-jrj\/wp-json\/wp\/v2\/types\/post"}],"author":[{"embeddable":true,"href":"https:\/\/agora.xtec.cat\/ceip-jrj\/wp-json\/wp\/v2\/users\/1"}],"replies":[{"embeddable":true,"href":"https:\/\/agora.xtec.cat\/ceip-jrj\/wp-json\/wp\/v2\/comments?post=3046"}],"version-history":[{"count":1,"href":"https:\/\/agora.xtec.cat\/ceip-jrj\/wp-json\/wp\/v2\/posts\/3046\/revisions"}],"predecessor-version":[{"id":3048,"href":"https:\/\/agora.xtec.cat\/ceip-jrj\/wp-json\/wp\/v2\/posts\/3046\/revisions\/3048"}],"wp:featuredmedia":[{"embeddable":true,"href":"https:\/\/agora.xtec.cat\/ceip-jrj\/wp-json\/wp\/v2\/media\/3047"}],"wp:attachment":[{"href":"https:\/\/agora.xtec.cat\/ceip-jrj\/wp-json\/wp\/v2\/media?parent=3046"}],"wp:term":[{"taxonomy":"category","embeddable":true,"href":"https:\/\/agora.xtec.cat\/ceip-jrj\/wp-json\/wp\/v2\/categories?post=3046"},{"taxonomy":"post_tag","embeddable":true,"href":"https:\/\/agora.xtec.cat\/ceip-jrj\/wp-json\/wp\/v2\/tags?post=3046"}],"curies":[{"name":"wp","href":"https:\/\/api.w.org\/{rel}","templated":true}]}}