{"id":3031,"date":"2020-02-13T17:18:47","date_gmt":"2020-02-13T16:18:47","guid":{"rendered":"http:\/\/agora.xtec.cat\/ceip-jrj\/?p=3031"},"modified":"2020-02-13T17:19:18","modified_gmt":"2020-02-13T16:19:18","slug":"concert-de-corda-fregada-3r","status":"publish","type":"post","link":"https:\/\/agora.xtec.cat\/ceip-jrj\/general\/concert-de-corda-fregada-3r\/","title":{"rendered":"CONCERT DE CORDA FREGADA 3r"},"content":{"rendered":"<p>La tarda del 13 de febrer els nens i nenes de 3r van poder gaudir d\u2019un fant\u00e0stic concert a c\u00e0rrec dels professors de viol\u00ed i violoncel de l\u2019Escola Municipal de M\u00fasica.<\/p>\n<p>Va ser genial poder veure i escoltar en directe dos dels instuments de la fam\u00edlia de les cordes (corda fregada) que estem estudiant aquest trimestre a la nostra classe de m\u00fasica.<\/p>\n<p><a href=\"https:\/\/agora.xtec.cat\/ceip-jrj\/wp-content\/uploads\/usu280\/2020\/02\/PicsArt_02-13-05.17.41.jpg\"><img loading=\"lazy\" decoding=\"async\" class=\"alignnone size-large wp-image-3033\" src=\"https:\/\/agora.xtec.cat\/ceip-jrj\/wp-content\/uploads\/usu280\/2020\/02\/PicsArt_02-13-05.17.41-1024x1024.jpg\" alt=\"\" width=\"1024\" height=\"1024\" srcset=\"https:\/\/agora.xtec.cat\/ceip-jrj\/wp-content\/uploads\/usu280\/2020\/02\/PicsArt_02-13-05.17.41-1024x1024.jpg 1024w, https:\/\/agora.xtec.cat\/ceip-jrj\/wp-content\/uploads\/usu280\/2020\/02\/PicsArt_02-13-05.17.41-150x150.jpg 150w, https:\/\/agora.xtec.cat\/ceip-jrj\/wp-content\/uploads\/usu280\/2020\/02\/PicsArt_02-13-05.17.41-300x300.jpg 300w, https:\/\/agora.xtec.cat\/ceip-jrj\/wp-content\/uploads\/usu280\/2020\/02\/PicsArt_02-13-05.17.41-768x768.jpg 768w\" sizes=\"auto, (max-width: 1024px) 100vw, 1024px\" \/><\/a><\/p>\n","protected":false},"excerpt":{"rendered":"<p>La tarda del 13 de febrer els nens i nenes de 3r van poder gaudir d\u2019un fant\u00e0stic concert a c\u00e0rrec dels professors de viol\u00ed i violoncel de l\u2019Escola Municipal de M\u00fasica.<br \/>\nVa ser genial poder veure i escoltar en directe dos dels instuments de la fam\u00edlia&hellip;  <a href=\"https:\/\/agora.xtec.cat\/ceip-jrj\/general\/concert-de-corda-fregada-3r\/\" title=\"Read CONCERT DE CORDA FREGADA 3r\">Llegeix m\u00e9s\u00bb<\/a><\/p>\n","protected":false},"author":1,"featured_media":3032,"comment_status":"closed","ping_status":"closed","sticky":false,"template":"","format":"standard","meta":{"_bbp_topic_count":0,"_bbp_reply_count":0,"_bbp_total_topic_count":0,"_bbp_total_reply_count":0,"_bbp_voice_count":0,"_bbp_anonymous_reply_count":0,"_bbp_topic_count_hidden":0,"_bbp_reply_count_hidden":0,"_bbp_forum_subforum_count":0,"footnotes":""},"categories":[1,4,5],"tags":[],"class_list":["post-3031","post","type-post","status-publish","format-standard","has-post-thumbnail","hentry","category-general","category-portada","category-primaria"],"post_mailing_queue_ids":[],"_links":{"self":[{"href":"https:\/\/agora.xtec.cat\/ceip-jrj\/wp-json\/wp\/v2\/posts\/3031","targetHints":{"allow":["GET"]}}],"collection":[{"href":"https:\/\/agora.xtec.cat\/ceip-jrj\/wp-json\/wp\/v2\/posts"}],"about":[{"href":"https:\/\/agora.xtec.cat\/ceip-jrj\/wp-json\/wp\/v2\/types\/post"}],"author":[{"embeddable":true,"href":"https:\/\/agora.xtec.cat\/ceip-jrj\/wp-json\/wp\/v2\/users\/1"}],"replies":[{"embeddable":true,"href":"https:\/\/agora.xtec.cat\/ceip-jrj\/wp-json\/wp\/v2\/comments?post=3031"}],"version-history":[{"count":1,"href":"https:\/\/agora.xtec.cat\/ceip-jrj\/wp-json\/wp\/v2\/posts\/3031\/revisions"}],"predecessor-version":[{"id":3034,"href":"https:\/\/agora.xtec.cat\/ceip-jrj\/wp-json\/wp\/v2\/posts\/3031\/revisions\/3034"}],"wp:featuredmedia":[{"embeddable":true,"href":"https:\/\/agora.xtec.cat\/ceip-jrj\/wp-json\/wp\/v2\/media\/3032"}],"wp:attachment":[{"href":"https:\/\/agora.xtec.cat\/ceip-jrj\/wp-json\/wp\/v2\/media?parent=3031"}],"wp:term":[{"taxonomy":"category","embeddable":true,"href":"https:\/\/agora.xtec.cat\/ceip-jrj\/wp-json\/wp\/v2\/categories?post=3031"},{"taxonomy":"post_tag","embeddable":true,"href":"https:\/\/agora.xtec.cat\/ceip-jrj\/wp-json\/wp\/v2\/tags?post=3031"}],"curies":[{"name":"wp","href":"https:\/\/api.w.org\/{rel}","templated":true}]}}