{"id":2991,"date":"2020-02-10T19:22:53","date_gmt":"2020-02-10T18:22:53","guid":{"rendered":"http:\/\/agora.xtec.cat\/ceip-jrj\/?p=2991"},"modified":"2020-02-10T19:23:30","modified_gmt":"2020-02-10T18:23:30","slug":"concert-de-clarinet-i-trompeta-a-2n","status":"publish","type":"post","link":"https:\/\/agora.xtec.cat\/ceip-jrj\/general\/concert-de-clarinet-i-trompeta-a-2n\/","title":{"rendered":"CONCERT DE CLARINET i TROMPETA A 2n"},"content":{"rendered":"<p>La tarda del 10 de febrer els nens i nenes de 2n van poder gaudir d&#8217;un fant\u00e0stic concert a c\u00e0rrec dels professors de clarinet i trompeta de l&#8217;Escola Municipal de M\u00fasica.<\/p>\n<p>Un velada musical on van haver-hi estones on l&#8217;alumnat va poder interactuar amb els int\u00e8rprets i els seus instruments. En una paraula: GENIAL!<\/p>\n<p><a href=\"https:\/\/agora.xtec.cat\/ceip-jrj\/wp-content\/uploads\/usu280\/2020\/02\/PicsArt_02-10-07.12.33.png\"><img loading=\"lazy\" decoding=\"async\" class=\"wp-image-2992 aligncenter\" src=\"https:\/\/agora.xtec.cat\/ceip-jrj\/wp-content\/uploads\/usu280\/2020\/02\/PicsArt_02-10-07.12.33.png\" alt=\"\" width=\"454\" height=\"454\" srcset=\"https:\/\/agora.xtec.cat\/ceip-jrj\/wp-content\/uploads\/usu280\/2020\/02\/PicsArt_02-10-07.12.33.png 1024w, https:\/\/agora.xtec.cat\/ceip-jrj\/wp-content\/uploads\/usu280\/2020\/02\/PicsArt_02-10-07.12.33-150x150.png 150w, https:\/\/agora.xtec.cat\/ceip-jrj\/wp-content\/uploads\/usu280\/2020\/02\/PicsArt_02-10-07.12.33-300x300.png 300w, https:\/\/agora.xtec.cat\/ceip-jrj\/wp-content\/uploads\/usu280\/2020\/02\/PicsArt_02-10-07.12.33-768x768.png 768w\" sizes=\"auto, (max-width: 454px) 100vw, 454px\" \/><\/a><\/p>\n<p>&nbsp;<\/p>\n","protected":false},"excerpt":{"rendered":"<p>La tarda del 10 de febrer els nens i nenes de 2n van poder gaudir d&#8217;un fant\u00e0stic concert a c\u00e0rrec dels professors de clarinet i trompeta de l&#8217;Escola Municipal de M\u00fasica.<br \/>\nUn velada musical on van haver-hi estones on l&#8217;alumnat va poder interactuar amb els int\u00e8rprets&hellip;  <a href=\"https:\/\/agora.xtec.cat\/ceip-jrj\/general\/concert-de-clarinet-i-trompeta-a-2n\/\" title=\"Read CONCERT DE CLARINET i TROMPETA A 2n\">Llegeix m\u00e9s\u00bb<\/a><\/p>\n","protected":false},"author":1,"featured_media":2993,"comment_status":"closed","ping_status":"closed","sticky":false,"template":"","format":"standard","meta":{"_bbp_topic_count":0,"_bbp_reply_count":0,"_bbp_total_topic_count":0,"_bbp_total_reply_count":0,"_bbp_voice_count":0,"_bbp_anonymous_reply_count":0,"_bbp_topic_count_hidden":0,"_bbp_reply_count_hidden":0,"_bbp_forum_subforum_count":0,"footnotes":""},"categories":[11,1,4,5],"tags":[],"class_list":["post-2991","post","type-post","status-publish","format-standard","has-post-thumbnail","hentry","category-2n","category-general","category-portada","category-primaria"],"post_mailing_queue_ids":[],"_links":{"self":[{"href":"https:\/\/agora.xtec.cat\/ceip-jrj\/wp-json\/wp\/v2\/posts\/2991","targetHints":{"allow":["GET"]}}],"collection":[{"href":"https:\/\/agora.xtec.cat\/ceip-jrj\/wp-json\/wp\/v2\/posts"}],"about":[{"href":"https:\/\/agora.xtec.cat\/ceip-jrj\/wp-json\/wp\/v2\/types\/post"}],"author":[{"embeddable":true,"href":"https:\/\/agora.xtec.cat\/ceip-jrj\/wp-json\/wp\/v2\/users\/1"}],"replies":[{"embeddable":true,"href":"https:\/\/agora.xtec.cat\/ceip-jrj\/wp-json\/wp\/v2\/comments?post=2991"}],"version-history":[{"count":1,"href":"https:\/\/agora.xtec.cat\/ceip-jrj\/wp-json\/wp\/v2\/posts\/2991\/revisions"}],"predecessor-version":[{"id":2994,"href":"https:\/\/agora.xtec.cat\/ceip-jrj\/wp-json\/wp\/v2\/posts\/2991\/revisions\/2994"}],"wp:featuredmedia":[{"embeddable":true,"href":"https:\/\/agora.xtec.cat\/ceip-jrj\/wp-json\/wp\/v2\/media\/2993"}],"wp:attachment":[{"href":"https:\/\/agora.xtec.cat\/ceip-jrj\/wp-json\/wp\/v2\/media?parent=2991"}],"wp:term":[{"taxonomy":"category","embeddable":true,"href":"https:\/\/agora.xtec.cat\/ceip-jrj\/wp-json\/wp\/v2\/categories?post=2991"},{"taxonomy":"post_tag","embeddable":true,"href":"https:\/\/agora.xtec.cat\/ceip-jrj\/wp-json\/wp\/v2\/tags?post=2991"}],"curies":[{"name":"wp","href":"https:\/\/api.w.org\/{rel}","templated":true}]}}