{"id":2953,"date":"2020-02-08T08:34:10","date_gmt":"2020-02-08T07:34:10","guid":{"rendered":"http:\/\/agora.xtec.cat\/ceip-jrj\/?p=2953"},"modified":"2020-02-11T13:01:08","modified_gmt":"2020-02-11T12:01:08","slug":"cloenda-projecte-interdisciplinari-5e-p5","status":"publish","type":"post","link":"https:\/\/agora.xtec.cat\/ceip-jrj\/general\/cloenda-projecte-interdisciplinari-5e-p5\/","title":{"rendered":"CLOENDA PROJECTE INTERDISCIPLINARI 5\u00e8-P5"},"content":{"rendered":"<p>Els i les alumnes de 5\u00e8 i P5 hem acabat la setmana del Projecte Interdisciplinari del Cinema fent un Cinef\u00f2rum.<\/p>\n<p>La sala d&#8217;actes de la nostra escola ha esdevingut un Cine per una hora.<\/p>\n<p>Quin moment de padrins i fillols m\u00e9s agradable que hem passat junts.<\/p>\n<p>Aqu\u00ed teniu unes fotos.<\/p>\n<p><a href=\"https:\/\/agora.xtec.cat\/ceip-jrj\/wp-content\/uploads\/usu280\/2020\/02\/IMG-20200207-WA0032.jpg\"><img loading=\"lazy\" decoding=\"async\" class=\"alignnone wp-image-2955 size-medium\" src=\"https:\/\/agora.xtec.cat\/ceip-jrj\/wp-content\/uploads\/usu280\/2020\/02\/IMG-20200207-WA0032-225x300.jpg\" alt=\"\" width=\"225\" height=\"300\" srcset=\"https:\/\/agora.xtec.cat\/ceip-jrj\/wp-content\/uploads\/usu280\/2020\/02\/IMG-20200207-WA0032-225x300.jpg 225w, https:\/\/agora.xtec.cat\/ceip-jrj\/wp-content\/uploads\/usu280\/2020\/02\/IMG-20200207-WA0032-768x1024.jpg 768w, https:\/\/agora.xtec.cat\/ceip-jrj\/wp-content\/uploads\/usu280\/2020\/02\/IMG-20200207-WA0032.jpg 1200w\" sizes=\"auto, (max-width: 225px) 100vw, 225px\" \/><\/a> <a href=\"https:\/\/agora.xtec.cat\/ceip-jrj\/wp-content\/uploads\/usu280\/2020\/02\/IMG-20200207-WA0033.jpg\"><img loading=\"lazy\" decoding=\"async\" class=\"alignnone wp-image-2956 size-medium\" src=\"https:\/\/agora.xtec.cat\/ceip-jrj\/wp-content\/uploads\/usu280\/2020\/02\/IMG-20200207-WA0033-300x225.jpg\" alt=\"\" width=\"300\" height=\"225\" srcset=\"https:\/\/agora.xtec.cat\/ceip-jrj\/wp-content\/uploads\/usu280\/2020\/02\/IMG-20200207-WA0033-300x225.jpg 300w, https:\/\/agora.xtec.cat\/ceip-jrj\/wp-content\/uploads\/usu280\/2020\/02\/IMG-20200207-WA0033-768x576.jpg 768w, https:\/\/agora.xtec.cat\/ceip-jrj\/wp-content\/uploads\/usu280\/2020\/02\/IMG-20200207-WA0033-1024x768.jpg 1024w, https:\/\/agora.xtec.cat\/ceip-jrj\/wp-content\/uploads\/usu280\/2020\/02\/IMG-20200207-WA0033-200x150.jpg 200w, https:\/\/agora.xtec.cat\/ceip-jrj\/wp-content\/uploads\/usu280\/2020\/02\/IMG-20200207-WA0033.jpg 1600w\" sizes=\"auto, (max-width: 300px) 100vw, 300px\" \/><\/a> <a href=\"https:\/\/agora.xtec.cat\/ceip-jrj\/wp-content\/uploads\/usu280\/2020\/02\/IMG-20200207-WA0035.jpg\"><img loading=\"lazy\" decoding=\"async\" class=\"alignnone wp-image-2957 size-medium\" src=\"https:\/\/agora.xtec.cat\/ceip-jrj\/wp-content\/uploads\/usu280\/2020\/02\/IMG-20200207-WA0035-225x300.jpg\" alt=\"\" width=\"225\" height=\"300\" srcset=\"https:\/\/agora.xtec.cat\/ceip-jrj\/wp-content\/uploads\/usu280\/2020\/02\/IMG-20200207-WA0035-225x300.jpg 225w, https:\/\/agora.xtec.cat\/ceip-jrj\/wp-content\/uploads\/usu280\/2020\/02\/IMG-20200207-WA0035-768x1024.jpg 768w, https:\/\/agora.xtec.cat\/ceip-jrj\/wp-content\/uploads\/usu280\/2020\/02\/IMG-20200207-WA0035.jpg 1200w\" sizes=\"auto, (max-width: 225px) 100vw, 225px\" \/><\/a> <a href=\"https:\/\/agora.xtec.cat\/ceip-jrj\/wp-content\/uploads\/usu280\/2020\/02\/IMG-20200207-WA0040.jpg\"><img loading=\"lazy\" decoding=\"async\" class=\"alignnone wp-image-2958 size-medium\" src=\"https:\/\/agora.xtec.cat\/ceip-jrj\/wp-content\/uploads\/usu280\/2020\/02\/IMG-20200207-WA0040-300x225.jpg\" alt=\"\" width=\"300\" height=\"225\" srcset=\"https:\/\/agora.xtec.cat\/ceip-jrj\/wp-content\/uploads\/usu280\/2020\/02\/IMG-20200207-WA0040-300x225.jpg 300w, https:\/\/agora.xtec.cat\/ceip-jrj\/wp-content\/uploads\/usu280\/2020\/02\/IMG-20200207-WA0040-768x576.jpg 768w, https:\/\/agora.xtec.cat\/ceip-jrj\/wp-content\/uploads\/usu280\/2020\/02\/IMG-20200207-WA0040-1024x768.jpg 1024w, https:\/\/agora.xtec.cat\/ceip-jrj\/wp-content\/uploads\/usu280\/2020\/02\/IMG-20200207-WA0040-200x150.jpg 200w, https:\/\/agora.xtec.cat\/ceip-jrj\/wp-content\/uploads\/usu280\/2020\/02\/IMG-20200207-WA0040.jpg 1600w\" sizes=\"auto, (max-width: 300px) 100vw, 300px\" \/><\/a><\/p>\n<p>I aqu\u00ed uns v\u00eddeos de l&#8217;entrada al Cinema.<\/p>\n<p><iframe loading=\"lazy\" src=\"\/\/www.youtube.com\/embed\/dQsxESNJ2gw\" width=\"560\" height=\"314\" allowfullscreen=\"allowfullscreen\"><\/iframe><\/p>\n<p><iframe loading=\"lazy\" src=\"\/\/www.youtube.com\/embed\/TiDyjU7RFA8\" width=\"560\" height=\"314\" allowfullscreen=\"allowfullscreen\"><\/iframe><\/p>\n<p>&nbsp;<\/p>\n","protected":false},"excerpt":{"rendered":"<p>Els i les alumnes de 5\u00e8 i P5 hem acabat la setmana del Projecte Interdisciplinari del Cinema fent un Cinef\u00f2rum.<br \/>\nLa sala d&#8217;actes de la nostra escola ha esdevingut un Cine per una hora.<br \/>\nQuin moment de padrins i fillols m\u00e9s agradable que hem passat junts.<br \/>\nAqu\u00ed teniu&hellip;  <a href=\"https:\/\/agora.xtec.cat\/ceip-jrj\/general\/cloenda-projecte-interdisciplinari-5e-p5\/\" title=\"Read CLOENDA PROJECTE INTERDISCIPLINARI 5\u00e8-P5\">Llegeix m\u00e9s\u00bb<\/a><\/p>\n","protected":false},"author":1,"featured_media":2954,"comment_status":"closed","ping_status":"closed","sticky":false,"template":"","format":"standard","meta":{"_bbp_topic_count":0,"_bbp_reply_count":0,"_bbp_total_topic_count":0,"_bbp_total_reply_count":0,"_bbp_voice_count":0,"_bbp_anonymous_reply_count":0,"_bbp_topic_count_hidden":0,"_bbp_reply_count_hidden":0,"_bbp_forum_subforum_count":0,"footnotes":""},"categories":[1,4],"tags":[],"class_list":["post-2953","post","type-post","status-publish","format-standard","has-post-thumbnail","hentry","category-general","category-portada"],"post_mailing_queue_ids":[],"_links":{"self":[{"href":"https:\/\/agora.xtec.cat\/ceip-jrj\/wp-json\/wp\/v2\/posts\/2953","targetHints":{"allow":["GET"]}}],"collection":[{"href":"https:\/\/agora.xtec.cat\/ceip-jrj\/wp-json\/wp\/v2\/posts"}],"about":[{"href":"https:\/\/agora.xtec.cat\/ceip-jrj\/wp-json\/wp\/v2\/types\/post"}],"author":[{"embeddable":true,"href":"https:\/\/agora.xtec.cat\/ceip-jrj\/wp-json\/wp\/v2\/users\/1"}],"replies":[{"embeddable":true,"href":"https:\/\/agora.xtec.cat\/ceip-jrj\/wp-json\/wp\/v2\/comments?post=2953"}],"version-history":[{"count":3,"href":"https:\/\/agora.xtec.cat\/ceip-jrj\/wp-json\/wp\/v2\/posts\/2953\/revisions"}],"predecessor-version":[{"id":2995,"href":"https:\/\/agora.xtec.cat\/ceip-jrj\/wp-json\/wp\/v2\/posts\/2953\/revisions\/2995"}],"wp:featuredmedia":[{"embeddable":true,"href":"https:\/\/agora.xtec.cat\/ceip-jrj\/wp-json\/wp\/v2\/media\/2954"}],"wp:attachment":[{"href":"https:\/\/agora.xtec.cat\/ceip-jrj\/wp-json\/wp\/v2\/media?parent=2953"}],"wp:term":[{"taxonomy":"category","embeddable":true,"href":"https:\/\/agora.xtec.cat\/ceip-jrj\/wp-json\/wp\/v2\/categories?post=2953"},{"taxonomy":"post_tag","embeddable":true,"href":"https:\/\/agora.xtec.cat\/ceip-jrj\/wp-json\/wp\/v2\/tags?post=2953"}],"curies":[{"name":"wp","href":"https:\/\/api.w.org\/{rel}","templated":true}]}}