{"id":2931,"date":"2020-02-06T13:19:10","date_gmt":"2020-02-06T12:19:10","guid":{"rendered":"http:\/\/agora.xtec.cat\/ceip-jrj\/?p=2931"},"modified":"2020-02-06T13:25:06","modified_gmt":"2020-02-06T12:25:06","slug":"projecte-interdisciplinari-a-cicle-superior","status":"publish","type":"post","link":"https:\/\/agora.xtec.cat\/ceip-jrj\/general\/projecte-interdisciplinari-a-cicle-superior\/","title":{"rendered":"PROJECTE INTERDISCIPLINARI A CICLE SUPERIOR"},"content":{"rendered":"<p>Aquesta setmana els i les alumnes de cinqu\u00e8 i sis\u00e8 estem elaborant un projecte interdisciplinari al voltant del centre d&#8217;inter\u00e8s &#8220;El Cinema&#8221;, l&#8217;eix tranversal del curs escolar actual. Estem molt entusiasmats\/des i motivats\/des ja que treballem totes les \u00e0rees de manera globlalitzada.<\/p>\n<p>Podeu veure fotografies del proc\u00e9s al seg\u00fcent enlla\u00e7.<\/p>\n<p><a href=\"https:\/\/photos.app.goo.gl\/2Npzzik7W37v2nSA8\">PROJECTE INTERDISCIPLINARI 2019-2020<\/a><\/p>\n","protected":false},"excerpt":{"rendered":"<p>Aquesta setmana els i les alumnes de cinqu\u00e8 i sis\u00e8 estem elaborant un projecte interdisciplinari al voltant del centre d&#8217;inter\u00e8s &#8220;El Cinema&#8221;, l&#8217;eix tranversal del curs escolar actual. Estem molt entusiasmats\/des i motivats\/des ja que treballem totes les \u00e0rees de manera globlalitzada.<br \/>\nPodeu veure fotografies del&hellip;  <a href=\"https:\/\/agora.xtec.cat\/ceip-jrj\/general\/projecte-interdisciplinari-a-cicle-superior\/\" title=\"Read PROJECTE INTERDISCIPLINARI A CICLE SUPERIOR\">Llegeix m\u00e9s\u00bb<\/a><\/p>\n","protected":false},"author":1,"featured_media":2934,"comment_status":"closed","ping_status":"closed","sticky":false,"template":"","format":"standard","meta":{"_bbp_topic_count":0,"_bbp_reply_count":0,"_bbp_total_topic_count":0,"_bbp_total_reply_count":0,"_bbp_voice_count":0,"_bbp_anonymous_reply_count":0,"_bbp_topic_count_hidden":0,"_bbp_reply_count_hidden":0,"_bbp_forum_subforum_count":0,"footnotes":""},"categories":[54,1,4],"tags":[],"class_list":["post-2931","post","type-post","status-publish","format-standard","has-post-thumbnail","hentry","category-espai-pedagogic-jrj","category-general","category-portada"],"post_mailing_queue_ids":[],"_links":{"self":[{"href":"https:\/\/agora.xtec.cat\/ceip-jrj\/wp-json\/wp\/v2\/posts\/2931","targetHints":{"allow":["GET"]}}],"collection":[{"href":"https:\/\/agora.xtec.cat\/ceip-jrj\/wp-json\/wp\/v2\/posts"}],"about":[{"href":"https:\/\/agora.xtec.cat\/ceip-jrj\/wp-json\/wp\/v2\/types\/post"}],"author":[{"embeddable":true,"href":"https:\/\/agora.xtec.cat\/ceip-jrj\/wp-json\/wp\/v2\/users\/1"}],"replies":[{"embeddable":true,"href":"https:\/\/agora.xtec.cat\/ceip-jrj\/wp-json\/wp\/v2\/comments?post=2931"}],"version-history":[{"count":3,"href":"https:\/\/agora.xtec.cat\/ceip-jrj\/wp-json\/wp\/v2\/posts\/2931\/revisions"}],"predecessor-version":[{"id":2936,"href":"https:\/\/agora.xtec.cat\/ceip-jrj\/wp-json\/wp\/v2\/posts\/2931\/revisions\/2936"}],"wp:featuredmedia":[{"embeddable":true,"href":"https:\/\/agora.xtec.cat\/ceip-jrj\/wp-json\/wp\/v2\/media\/2934"}],"wp:attachment":[{"href":"https:\/\/agora.xtec.cat\/ceip-jrj\/wp-json\/wp\/v2\/media?parent=2931"}],"wp:term":[{"taxonomy":"category","embeddable":true,"href":"https:\/\/agora.xtec.cat\/ceip-jrj\/wp-json\/wp\/v2\/categories?post=2931"},{"taxonomy":"post_tag","embeddable":true,"href":"https:\/\/agora.xtec.cat\/ceip-jrj\/wp-json\/wp\/v2\/tags?post=2931"}],"curies":[{"name":"wp","href":"https:\/\/api.w.org\/{rel}","templated":true}]}}