{"id":2903,"date":"2020-01-31T13:49:18","date_gmt":"2020-01-31T12:49:18","guid":{"rendered":"http:\/\/agora.xtec.cat\/ceip-jrj\/?p=2903"},"modified":"2020-01-31T13:52:37","modified_gmt":"2020-01-31T12:52:37","slug":"dia-escolar-de-la-no-violencia-i-la-pau-denip-3","status":"publish","type":"post","link":"https:\/\/agora.xtec.cat\/ceip-jrj\/general\/dia-escolar-de-la-no-violencia-i-la-pau-denip-3\/","title":{"rendered":"DIA ESCOLAR DE LA NO VIOL\u00c8NCIA I LA PAU (DENIP)"},"content":{"rendered":"<h5 style=\"text-align: justify;\">Com cada curs escolar, aquest any hem tornat a celebrar amb tot l&#8217;alumnat de l&#8217;escola el dia del DENIP, aquest any enlairant els nostres desitjos de pau a trav\u00e9s de les bombolles de sab\u00f3. L&#8217;alumnat ha anat fent al llarg del dia diverses activitats relacionades amb la pau. A la tarda ens hem trobat tots plegats al pati de l&#8217;escola. Els delegats de 6\u00e8 han llegit un manifest per la pau i els diferents representants, delegats i subdelegats de totes les classes han llegit desitjos de pau. A punt de concloure l&#8217;acte vam cantar plegats la can\u00e7\u00f3 &#8220;Ja surt el Sol&#8221; i finalment vam enlairar tots els desitjos de pau en forma de bombolles de sab\u00f3.<\/h5>\n<p>&nbsp;<\/p>\n<h5 style=\"text-align: justify;\">Aquests s\u00f3n els desitjos de pau de tots els cursos:<\/h5>\n<div style=\"width: 100%;\">\n<div style=\"position: relative; padding-bottom: 56.25%; padding-top: 0; height: 0;\"><iframe loading=\"lazy\" style=\"position: absolute; top: 0; left: 0; width: 100%; height: 100%;\" src=\"https:\/\/view.genial.ly\/5e33ebf2ea50d015628dd571\" width=\"1200px\" height=\"675px\" frameborder=\"0\" scrolling=\"yes\" allowfullscreen=\"allowfullscreen\"><\/iframe><\/div>\n<div><\/div>\n<h5><\/h5>\n<h5><\/h5>\n<h5><\/h5>\n<h5>En aquest v\u00eddeo podeu veure la not\u00edcia.<\/h5>\n<p><iframe loading=\"lazy\" title=\"300120 L&#039;escola Juan Ramon Jim\u00e9nez celebra el dia escolar contra la no-viol\u00e8ncia i la Pau\" width=\"500\" height=\"281\" src=\"https:\/\/www.youtube.com\/embed\/XYANzYAIftw?feature=oembed\" frameborder=\"0\" allow=\"accelerometer; autoplay; clipboard-write; encrypted-media; gyroscope; picture-in-picture; web-share\" referrerpolicy=\"strict-origin-when-cross-origin\" allowfullscreen><\/iframe><\/p>\n<\/div>\n","protected":false},"excerpt":{"rendered":"<p>Com cada curs escolar, aquest any hem tornat a celebrar amb tot l&#8217;alumnat de l&#8217;escola el dia del DENIP, aquest any enlairant els nostres desitjos de pau a trav\u00e9s de les bombolles de sab\u00f3. L&#8217;alumnat ha anat fent al llarg del dia diverses activitats relacionades&hellip;  <a href=\"https:\/\/agora.xtec.cat\/ceip-jrj\/general\/dia-escolar-de-la-no-violencia-i-la-pau-denip-3\/\" title=\"Read DIA ESCOLAR DE LA NO VIOL\u00c8NCIA I LA PAU (DENIP)\">Llegeix m\u00e9s\u00bb<\/a><\/p>\n","protected":false},"author":1,"featured_media":2904,"comment_status":"closed","ping_status":"closed","sticky":false,"template":"","format":"standard","meta":{"_bbp_topic_count":0,"_bbp_reply_count":0,"_bbp_total_topic_count":0,"_bbp_total_reply_count":0,"_bbp_voice_count":0,"_bbp_anonymous_reply_count":0,"_bbp_topic_count_hidden":0,"_bbp_reply_count_hidden":0,"_bbp_forum_subforum_count":0,"footnotes":""},"categories":[1,4],"tags":[],"class_list":["post-2903","post","type-post","status-publish","format-standard","has-post-thumbnail","hentry","category-general","category-portada"],"post_mailing_queue_ids":[],"_links":{"self":[{"href":"https:\/\/agora.xtec.cat\/ceip-jrj\/wp-json\/wp\/v2\/posts\/2903","targetHints":{"allow":["GET"]}}],"collection":[{"href":"https:\/\/agora.xtec.cat\/ceip-jrj\/wp-json\/wp\/v2\/posts"}],"about":[{"href":"https:\/\/agora.xtec.cat\/ceip-jrj\/wp-json\/wp\/v2\/types\/post"}],"author":[{"embeddable":true,"href":"https:\/\/agora.xtec.cat\/ceip-jrj\/wp-json\/wp\/v2\/users\/1"}],"replies":[{"embeddable":true,"href":"https:\/\/agora.xtec.cat\/ceip-jrj\/wp-json\/wp\/v2\/comments?post=2903"}],"version-history":[{"count":3,"href":"https:\/\/agora.xtec.cat\/ceip-jrj\/wp-json\/wp\/v2\/posts\/2903\/revisions"}],"predecessor-version":[{"id":2907,"href":"https:\/\/agora.xtec.cat\/ceip-jrj\/wp-json\/wp\/v2\/posts\/2903\/revisions\/2907"}],"wp:featuredmedia":[{"embeddable":true,"href":"https:\/\/agora.xtec.cat\/ceip-jrj\/wp-json\/wp\/v2\/media\/2904"}],"wp:attachment":[{"href":"https:\/\/agora.xtec.cat\/ceip-jrj\/wp-json\/wp\/v2\/media?parent=2903"}],"wp:term":[{"taxonomy":"category","embeddable":true,"href":"https:\/\/agora.xtec.cat\/ceip-jrj\/wp-json\/wp\/v2\/categories?post=2903"},{"taxonomy":"post_tag","embeddable":true,"href":"https:\/\/agora.xtec.cat\/ceip-jrj\/wp-json\/wp\/v2\/tags?post=2903"}],"curies":[{"name":"wp","href":"https:\/\/api.w.org\/{rel}","templated":true}]}}