{"id":2890,"date":"2020-01-21T19:44:32","date_gmt":"2020-01-21T18:44:32","guid":{"rendered":"http:\/\/agora.xtec.cat\/ceip-jrj\/?p=2890"},"modified":"2020-01-21T19:44:32","modified_gmt":"2020-01-21T18:44:32","slug":"creacio-imaginacio-i-tradicio-festiva-mascares-de-carnaval","status":"publish","type":"post","link":"https:\/\/agora.xtec.cat\/ceip-jrj\/general\/creacio-imaginacio-i-tradicio-festiva-mascares-de-carnaval\/","title":{"rendered":"CREACI\u00d3, IMAGINACI\u00d3 i TRADICI\u00d3 FESTIVA: M\u00c0SCARES DE CARNAVAL!"},"content":{"rendered":"<h6 style=\"text-align: center;\"><em>Ha arribat el Carnestoltes i el febrer s&#8217;ha disfressat.<\/em><\/h6>\n<h6 style=\"text-align: center;\"><em>S&#8217;ha posat una carota de mar\u00e7ot esvalotat&#8230;<\/em><\/h6>\n<p style=\"text-align: center;\"><sub><em>(Joana Raspall)<\/em><\/sub><\/p>\n<p>Els nens i nenes de primer saben que al febrer celebrem el carnaval i, com que s\u00f3n molt previsors, ja han comen\u00e7at a confeccionar les seves pr\u00f2pies m\u00e0scares.<\/p>\n<p><a href=\"https:\/\/agora.xtec.cat\/ceip-jrj\/wp-content\/uploads\/usu280\/2020\/01\/PicsArt_01-21-07.20.36.png\"><img loading=\"lazy\" decoding=\"async\" class=\" wp-image-2891 aligncenter\" src=\"https:\/\/agora.xtec.cat\/ceip-jrj\/wp-content\/uploads\/usu280\/2020\/01\/PicsArt_01-21-07.20.36-768x1024.png\" alt=\"\" width=\"493\" height=\"658\" srcset=\"https:\/\/agora.xtec.cat\/ceip-jrj\/wp-content\/uploads\/usu280\/2020\/01\/PicsArt_01-21-07.20.36.png 768w, https:\/\/agora.xtec.cat\/ceip-jrj\/wp-content\/uploads\/usu280\/2020\/01\/PicsArt_01-21-07.20.36-225x300.png 225w\" sizes=\"auto, (max-width: 493px) 100vw, 493px\" \/><\/a><\/p>\n","protected":false},"excerpt":{"rendered":"<p>Ha arribat el Carnestoltes i el febrer s&#8217;ha disfressat.<br \/>\nS&#8217;ha posat una carota de mar\u00e7ot esvalotat&#8230;<br \/>\n(Joana Raspall)<br \/>\nEls nens i nenes de primer saben que al febrer celebrem el carnaval i, com que s\u00f3n molt previsors, ja han comen\u00e7at a confeccionar les seves pr\u00f2pies m\u00e0scares.<br \/>\n<a href=\"https:\/\/agora.xtec.cat\/ceip-jrj\/wp-content\/uploads\/usu280\/2020\/01\/PicsArt_01-21-07.20.36.png\"><\/a><\/p>\n","protected":false},"author":1,"featured_media":2893,"comment_status":"closed","ping_status":"closed","sticky":false,"template":"","format":"standard","meta":{"_bbp_topic_count":0,"_bbp_reply_count":0,"_bbp_total_topic_count":0,"_bbp_total_reply_count":0,"_bbp_voice_count":0,"_bbp_anonymous_reply_count":0,"_bbp_topic_count_hidden":0,"_bbp_reply_count_hidden":0,"_bbp_forum_subforum_count":0,"footnotes":""},"categories":[10,1,4],"tags":[],"class_list":["post-2890","post","type-post","status-publish","format-standard","has-post-thumbnail","hentry","category-1r","category-general","category-portada"],"post_mailing_queue_ids":[],"_links":{"self":[{"href":"https:\/\/agora.xtec.cat\/ceip-jrj\/wp-json\/wp\/v2\/posts\/2890","targetHints":{"allow":["GET"]}}],"collection":[{"href":"https:\/\/agora.xtec.cat\/ceip-jrj\/wp-json\/wp\/v2\/posts"}],"about":[{"href":"https:\/\/agora.xtec.cat\/ceip-jrj\/wp-json\/wp\/v2\/types\/post"}],"author":[{"embeddable":true,"href":"https:\/\/agora.xtec.cat\/ceip-jrj\/wp-json\/wp\/v2\/users\/1"}],"replies":[{"embeddable":true,"href":"https:\/\/agora.xtec.cat\/ceip-jrj\/wp-json\/wp\/v2\/comments?post=2890"}],"version-history":[{"count":1,"href":"https:\/\/agora.xtec.cat\/ceip-jrj\/wp-json\/wp\/v2\/posts\/2890\/revisions"}],"predecessor-version":[{"id":2894,"href":"https:\/\/agora.xtec.cat\/ceip-jrj\/wp-json\/wp\/v2\/posts\/2890\/revisions\/2894"}],"wp:featuredmedia":[{"embeddable":true,"href":"https:\/\/agora.xtec.cat\/ceip-jrj\/wp-json\/wp\/v2\/media\/2893"}],"wp:attachment":[{"href":"https:\/\/agora.xtec.cat\/ceip-jrj\/wp-json\/wp\/v2\/media?parent=2890"}],"wp:term":[{"taxonomy":"category","embeddable":true,"href":"https:\/\/agora.xtec.cat\/ceip-jrj\/wp-json\/wp\/v2\/categories?post=2890"},{"taxonomy":"post_tag","embeddable":true,"href":"https:\/\/agora.xtec.cat\/ceip-jrj\/wp-json\/wp\/v2\/tags?post=2890"}],"curies":[{"name":"wp","href":"https:\/\/api.w.org\/{rel}","templated":true}]}}