{"id":2881,"date":"2020-01-17T21:29:23","date_gmt":"2020-01-17T20:29:23","guid":{"rendered":"http:\/\/agora.xtec.cat\/ceip-jrj\/?p=2881"},"modified":"2020-01-17T21:29:23","modified_gmt":"2020-01-17T20:29:23","slug":"racons-matematics-a-p-5","status":"publish","type":"post","link":"https:\/\/agora.xtec.cat\/ceip-jrj\/general\/racons-matematics-a-p-5\/","title":{"rendered":"RACONS MATEM\u00c0TICS A P-5"},"content":{"rendered":"<p>El passat divendres 10 de gener els nens i les nenes de P-5 van gaudir de la primera sessi\u00f3 de Racons Matem\u00e0tics. Durant el segon i tercer trimestre, cada divendres els infants de les dues classes de P-5 jugaran, manipularan, compartiran materials i estones de reflexi\u00f3, passant-s&#8217;ho d&#8217;all\u00f2 m\u00e9s b\u00e9.<\/p>\n<p><a href=\"https:\/\/agora.xtec.cat\/ceip-jrj\/wp-content\/uploads\/usu280\/2020\/01\/preview.jpg\"><img loading=\"lazy\" decoding=\"async\" class=\"wp-image-2883 alignleft\" src=\"https:\/\/agora.xtec.cat\/ceip-jrj\/wp-content\/uploads\/usu280\/2020\/01\/preview.jpg\" alt=\"\" width=\"383\" height=\"383\" srcset=\"https:\/\/agora.xtec.cat\/ceip-jrj\/wp-content\/uploads\/usu280\/2020\/01\/preview.jpg 640w, https:\/\/agora.xtec.cat\/ceip-jrj\/wp-content\/uploads\/usu280\/2020\/01\/preview-150x150.jpg 150w, https:\/\/agora.xtec.cat\/ceip-jrj\/wp-content\/uploads\/usu280\/2020\/01\/preview-300x300.jpg 300w\" sizes=\"auto, (max-width: 383px) 100vw, 383px\" \/><\/a><a href=\"https:\/\/agora.xtec.cat\/ceip-jrj\/wp-content\/uploads\/usu280\/2020\/01\/preview-1.jpg\"><img loading=\"lazy\" decoding=\"async\" class=\"wp-image-2882 alignleft\" src=\"https:\/\/agora.xtec.cat\/ceip-jrj\/wp-content\/uploads\/usu280\/2020\/01\/preview-1.jpg\" alt=\"\" width=\"383\" height=\"383\" srcset=\"https:\/\/agora.xtec.cat\/ceip-jrj\/wp-content\/uploads\/usu280\/2020\/01\/preview-1.jpg 640w, https:\/\/agora.xtec.cat\/ceip-jrj\/wp-content\/uploads\/usu280\/2020\/01\/preview-1-150x150.jpg 150w, https:\/\/agora.xtec.cat\/ceip-jrj\/wp-content\/uploads\/usu280\/2020\/01\/preview-1-300x300.jpg 300w\" sizes=\"auto, (max-width: 383px) 100vw, 383px\" \/> <\/a><\/p>\n","protected":false},"excerpt":{"rendered":"<p>El passat divendres 10 de gener els nens i les nenes de P-5 van gaudir de la primera sessi\u00f3 de Racons Matem\u00e0tics. Durant el segon i tercer trimestre, cada divendres els infants de les dues classes de P-5 jugaran, manipularan, compartiran materials i estones de&hellip;  <a href=\"https:\/\/agora.xtec.cat\/ceip-jrj\/general\/racons-matematics-a-p-5\/\" title=\"Read RACONS MATEM\u00c0TICS A P-5\">Llegeix m\u00e9s\u00bb<\/a><\/p>\n","protected":false},"author":1,"featured_media":2884,"comment_status":"closed","ping_status":"closed","sticky":false,"template":"","format":"standard","meta":{"_bbp_topic_count":0,"_bbp_reply_count":0,"_bbp_total_topic_count":0,"_bbp_total_reply_count":0,"_bbp_voice_count":0,"_bbp_anonymous_reply_count":0,"_bbp_topic_count_hidden":0,"_bbp_reply_count_hidden":0,"_bbp_forum_subforum_count":0,"footnotes":""},"categories":[1,2,9,4],"tags":[],"class_list":["post-2881","post","type-post","status-publish","format-standard","has-post-thumbnail","hentry","category-general","category-infantil","category-p5","category-portada"],"post_mailing_queue_ids":[],"_links":{"self":[{"href":"https:\/\/agora.xtec.cat\/ceip-jrj\/wp-json\/wp\/v2\/posts\/2881","targetHints":{"allow":["GET"]}}],"collection":[{"href":"https:\/\/agora.xtec.cat\/ceip-jrj\/wp-json\/wp\/v2\/posts"}],"about":[{"href":"https:\/\/agora.xtec.cat\/ceip-jrj\/wp-json\/wp\/v2\/types\/post"}],"author":[{"embeddable":true,"href":"https:\/\/agora.xtec.cat\/ceip-jrj\/wp-json\/wp\/v2\/users\/1"}],"replies":[{"embeddable":true,"href":"https:\/\/agora.xtec.cat\/ceip-jrj\/wp-json\/wp\/v2\/comments?post=2881"}],"version-history":[{"count":1,"href":"https:\/\/agora.xtec.cat\/ceip-jrj\/wp-json\/wp\/v2\/posts\/2881\/revisions"}],"predecessor-version":[{"id":2885,"href":"https:\/\/agora.xtec.cat\/ceip-jrj\/wp-json\/wp\/v2\/posts\/2881\/revisions\/2885"}],"wp:featuredmedia":[{"embeddable":true,"href":"https:\/\/agora.xtec.cat\/ceip-jrj\/wp-json\/wp\/v2\/media\/2884"}],"wp:attachment":[{"href":"https:\/\/agora.xtec.cat\/ceip-jrj\/wp-json\/wp\/v2\/media?parent=2881"}],"wp:term":[{"taxonomy":"category","embeddable":true,"href":"https:\/\/agora.xtec.cat\/ceip-jrj\/wp-json\/wp\/v2\/categories?post=2881"},{"taxonomy":"post_tag","embeddable":true,"href":"https:\/\/agora.xtec.cat\/ceip-jrj\/wp-json\/wp\/v2\/tags?post=2881"}],"curies":[{"name":"wp","href":"https:\/\/api.w.org\/{rel}","templated":true}]}}