{"id":2878,"date":"2020-01-23T12:56:31","date_gmt":"2020-01-23T11:56:31","guid":{"rendered":"http:\/\/agora.xtec.cat\/ceip-jrj\/?p=2878"},"modified":"2020-01-23T12:56:31","modified_gmt":"2020-01-23T11:56:31","slug":"consum-de-fruita-a-lescola","status":"publish","type":"post","link":"https:\/\/agora.xtec.cat\/ceip-jrj\/portada\/consum-de-fruita-a-lescola\/","title":{"rendered":"CONSUM DE FRUITA A L&#8217;ESCOLA"},"content":{"rendered":"<p>Enguany tornem a participar en el programa de consum de fruita a les escoles. Al Juan Ram\u00f3n fomentem els h\u00e0bits d\u2019alimentaci\u00f3 saludable i pretenem afavorir la salut dels nostres infants, aconseguint que aquests siguin cada cop m\u00e9s conscients de la necessitat i la import\u00e0ncia de menjar sa i equilibrat.<\/p>\n<p>Si voleu m\u00e9s informaci\u00f3 sobre el programa de consum de fruita i hortalisses a les escoles de la Uni\u00f3 Europea, cliqueu <a href=\"http:\/\/agricultura.gencat.cat\/web\/.content\/04-alimentacio\/pla-consum-fruita-escoles\/enllacos-documents\/fitxers-binaris\/triptic-programa-consum-fruita-hortalisses-escoles-unio-europea.pdf\">aqu\u00ed<\/a>.<\/p>\n","protected":false},"excerpt":{"rendered":"<p>Enguany tornem a participar en el programa de consum de fruita a les escoles. Al Juan Ram\u00f3n fomentem els h\u00e0bits d\u2019alimentaci\u00f3 saludable i pretenem afavorir la salut dels nostres infants, aconseguint que aquests siguin cada cop m\u00e9s conscients de la necessitat i la import\u00e0ncia de&hellip;  <a href=\"https:\/\/agora.xtec.cat\/ceip-jrj\/portada\/consum-de-fruita-a-lescola\/\" title=\"Read CONSUM DE FRUITA A L&#8217;ESCOLA\">Llegeix m\u00e9s\u00bb<\/a><\/p>\n","protected":false},"author":1,"featured_media":2879,"comment_status":"closed","ping_status":"closed","sticky":false,"template":"","format":"standard","meta":{"_bbp_topic_count":0,"_bbp_reply_count":0,"_bbp_total_topic_count":0,"_bbp_total_reply_count":0,"_bbp_voice_count":0,"_bbp_anonymous_reply_count":0,"_bbp_topic_count_hidden":0,"_bbp_reply_count_hidden":0,"_bbp_forum_subforum_count":0,"footnotes":""},"categories":[4],"tags":[],"class_list":["post-2878","post","type-post","status-publish","format-standard","has-post-thumbnail","hentry","category-portada"],"post_mailing_queue_ids":[],"_links":{"self":[{"href":"https:\/\/agora.xtec.cat\/ceip-jrj\/wp-json\/wp\/v2\/posts\/2878","targetHints":{"allow":["GET"]}}],"collection":[{"href":"https:\/\/agora.xtec.cat\/ceip-jrj\/wp-json\/wp\/v2\/posts"}],"about":[{"href":"https:\/\/agora.xtec.cat\/ceip-jrj\/wp-json\/wp\/v2\/types\/post"}],"author":[{"embeddable":true,"href":"https:\/\/agora.xtec.cat\/ceip-jrj\/wp-json\/wp\/v2\/users\/1"}],"replies":[{"embeddable":true,"href":"https:\/\/agora.xtec.cat\/ceip-jrj\/wp-json\/wp\/v2\/comments?post=2878"}],"version-history":[{"count":1,"href":"https:\/\/agora.xtec.cat\/ceip-jrj\/wp-json\/wp\/v2\/posts\/2878\/revisions"}],"predecessor-version":[{"id":2880,"href":"https:\/\/agora.xtec.cat\/ceip-jrj\/wp-json\/wp\/v2\/posts\/2878\/revisions\/2880"}],"wp:featuredmedia":[{"embeddable":true,"href":"https:\/\/agora.xtec.cat\/ceip-jrj\/wp-json\/wp\/v2\/media\/2879"}],"wp:attachment":[{"href":"https:\/\/agora.xtec.cat\/ceip-jrj\/wp-json\/wp\/v2\/media?parent=2878"}],"wp:term":[{"taxonomy":"category","embeddable":true,"href":"https:\/\/agora.xtec.cat\/ceip-jrj\/wp-json\/wp\/v2\/categories?post=2878"},{"taxonomy":"post_tag","embeddable":true,"href":"https:\/\/agora.xtec.cat\/ceip-jrj\/wp-json\/wp\/v2\/tags?post=2878"}],"curies":[{"name":"wp","href":"https:\/\/api.w.org\/{rel}","templated":true}]}}