{"id":2873,"date":"2020-01-16T13:32:16","date_gmt":"2020-01-16T12:32:16","guid":{"rendered":"http:\/\/agora.xtec.cat\/ceip-jrj\/?p=2873"},"modified":"2020-01-16T13:32:21","modified_gmt":"2020-01-16T12:32:21","slug":"ja-han-comencat-les-visites-al-menjador","status":"publish","type":"post","link":"https:\/\/agora.xtec.cat\/ceip-jrj\/portada\/ja-han-comencat-les-visites-al-menjador\/","title":{"rendered":"JA HAN COMEN\u00c7AT LES VISITES AL MENJADOR"},"content":{"rendered":"<p style=\"text-align: justify;\">L\u2019empresa del menjador\u00a0<strong>Campos Estela,<\/strong>\u00a0us vol oferir la possibilitat de\u00a0<strong>compartir un dinar<\/strong>\u00a0amb el vostres fills i filles si s\u00f3n usuaris fixes del servei.<\/p>\n<p style=\"text-align: justify;\">A partir de <strong>gener, cada dimarts i dijous<\/strong>\u00a0 podran entrar a dinar un pare o mare de cada cicle (infantil, cicle inicial, cicle mitj\u00e0 i cicle superior), quatre en total. Si voleu reservar un dia,\u00a0<strong>cal que passeu per secretaria i apuntar-vos en una graella on consten els dies des del 14 de gener fins al mes de juny.<\/strong><\/p>\n<p style=\"text-align: justify;\">Per possibilitar que puguin gaudir de la proposta el m\u00e0xim nombre de pares i mares, nom\u00e9s assistir\u00e0 <strong>una persona per fam\u00edlia,<\/strong>\u00a0encara que hi hagi dos o m\u00e9s\u00a0 germans fent \u00fas del servei del menjador.<\/p>\n<p style=\"text-align: justify;\">Que vagi de gust!!!<\/p>\n<p><a href=\"https:\/\/agora.xtec.cat\/ceip-jrj\/wp-content\/uploads\/usu280\/2020\/01\/20200116_131422.jpg\"><img loading=\"lazy\" decoding=\"async\" class=\"alignnone wp-image-2874 size-medium\" src=\"https:\/\/agora.xtec.cat\/ceip-jrj\/wp-content\/uploads\/usu280\/2020\/01\/20200116_131422-300x220.jpg\" alt=\"\" width=\"300\" height=\"220\" srcset=\"https:\/\/agora.xtec.cat\/ceip-jrj\/wp-content\/uploads\/usu280\/2020\/01\/20200116_131422-300x220.jpg 300w, https:\/\/agora.xtec.cat\/ceip-jrj\/wp-content\/uploads\/usu280\/2020\/01\/20200116_131422-768x562.jpg 768w, https:\/\/agora.xtec.cat\/ceip-jrj\/wp-content\/uploads\/usu280\/2020\/01\/20200116_131422-1024x750.jpg 1024w\" sizes=\"auto, (max-width: 300px) 100vw, 300px\" \/><\/a> <a href=\"https:\/\/agora.xtec.cat\/ceip-jrj\/wp-content\/uploads\/usu280\/2020\/01\/20200116_131543.jpg\"><img loading=\"lazy\" decoding=\"async\" class=\"alignnone wp-image-2875 size-medium\" src=\"https:\/\/agora.xtec.cat\/ceip-jrj\/wp-content\/uploads\/usu280\/2020\/01\/20200116_131543-300x216.jpg\" alt=\"\" width=\"300\" height=\"216\" srcset=\"https:\/\/agora.xtec.cat\/ceip-jrj\/wp-content\/uploads\/usu280\/2020\/01\/20200116_131543-300x216.jpg 300w, https:\/\/agora.xtec.cat\/ceip-jrj\/wp-content\/uploads\/usu280\/2020\/01\/20200116_131543-768x554.jpg 768w, https:\/\/agora.xtec.cat\/ceip-jrj\/wp-content\/uploads\/usu280\/2020\/01\/20200116_131543-1024x738.jpg 1024w\" sizes=\"auto, (max-width: 300px) 100vw, 300px\" \/><\/a><\/p>\n","protected":false},"excerpt":{"rendered":"<p>L\u2019empresa del menjador\u00a0Campos Estela,\u00a0us vol oferir la possibilitat de\u00a0compartir un dinar\u00a0amb el vostres fills i filles si s\u00f3n usuaris fixes del servei.<br \/>\nA partir de gener, cada dimarts i dijous\u00a0 podran entrar a dinar un pare o mare de cada cicle (infantil, cicle inicial, cicle mitj\u00e0&hellip;  <a href=\"https:\/\/agora.xtec.cat\/ceip-jrj\/portada\/ja-han-comencat-les-visites-al-menjador\/\" title=\"Read JA HAN COMEN\u00c7AT LES VISITES AL MENJADOR\">Llegeix m\u00e9s\u00bb<\/a><\/p>\n","protected":false},"author":1,"featured_media":2876,"comment_status":"closed","ping_status":"closed","sticky":false,"template":"","format":"standard","meta":{"_bbp_topic_count":0,"_bbp_reply_count":0,"_bbp_total_topic_count":0,"_bbp_total_reply_count":0,"_bbp_voice_count":0,"_bbp_anonymous_reply_count":0,"_bbp_topic_count_hidden":0,"_bbp_reply_count_hidden":0,"_bbp_forum_subforum_count":0,"footnotes":""},"categories":[4],"tags":[],"class_list":["post-2873","post","type-post","status-publish","format-standard","has-post-thumbnail","hentry","category-portada"],"post_mailing_queue_ids":[],"_links":{"self":[{"href":"https:\/\/agora.xtec.cat\/ceip-jrj\/wp-json\/wp\/v2\/posts\/2873","targetHints":{"allow":["GET"]}}],"collection":[{"href":"https:\/\/agora.xtec.cat\/ceip-jrj\/wp-json\/wp\/v2\/posts"}],"about":[{"href":"https:\/\/agora.xtec.cat\/ceip-jrj\/wp-json\/wp\/v2\/types\/post"}],"author":[{"embeddable":true,"href":"https:\/\/agora.xtec.cat\/ceip-jrj\/wp-json\/wp\/v2\/users\/1"}],"replies":[{"embeddable":true,"href":"https:\/\/agora.xtec.cat\/ceip-jrj\/wp-json\/wp\/v2\/comments?post=2873"}],"version-history":[{"count":1,"href":"https:\/\/agora.xtec.cat\/ceip-jrj\/wp-json\/wp\/v2\/posts\/2873\/revisions"}],"predecessor-version":[{"id":2877,"href":"https:\/\/agora.xtec.cat\/ceip-jrj\/wp-json\/wp\/v2\/posts\/2873\/revisions\/2877"}],"wp:featuredmedia":[{"embeddable":true,"href":"https:\/\/agora.xtec.cat\/ceip-jrj\/wp-json\/wp\/v2\/media\/2876"}],"wp:attachment":[{"href":"https:\/\/agora.xtec.cat\/ceip-jrj\/wp-json\/wp\/v2\/media?parent=2873"}],"wp:term":[{"taxonomy":"category","embeddable":true,"href":"https:\/\/agora.xtec.cat\/ceip-jrj\/wp-json\/wp\/v2\/categories?post=2873"},{"taxonomy":"post_tag","embeddable":true,"href":"https:\/\/agora.xtec.cat\/ceip-jrj\/wp-json\/wp\/v2\/tags?post=2873"}],"curies":[{"name":"wp","href":"https:\/\/api.w.org\/{rel}","templated":true}]}}