{"id":2870,"date":"2020-01-16T13:04:35","date_gmt":"2020-01-16T12:04:35","guid":{"rendered":"http:\/\/agora.xtec.cat\/ceip-jrj\/?p=2870"},"modified":"2020-01-16T13:04:35","modified_gmt":"2020-01-16T12:04:35","slug":"biblioequip","status":"publish","type":"post","link":"https:\/\/agora.xtec.cat\/ceip-jrj\/portada\/biblioequip\/","title":{"rendered":"BIBLIOEQUIP"},"content":{"rendered":"<p style=\"text-align: justify;\">La biblioteca de l\u2019escola continua amb la din\u00e0mica:\u00a0<strong>Les maletes viatgeres.<\/strong><strong>\u00a0<\/strong><\/p>\n<p style=\"text-align: justify;\">L&#8217;objectiu principal \u00e9s fer de la lectura una activitat compartida entre nens, nenes, pares, mares, avis, \u00e0vies, germans, germanes&#8230; per tal que el nucli familiar llegeixi, parli, comenti i somi\u00ef.<br \/>\nEsperem que amb aquesta iniciativa anem consolidant l\u2019h\u00e0bit lector dels nostres alumnes. Com sempre, tenim el convenciment de qu\u00e8 aquest projecte necessita de la vostra col\u00b7laboraci\u00f3 activa i engrescadora. Junts, escola i fam\u00edlia endinsarem les criatures en l&#8217;aventura i el plaer de llegir.<\/p>\n<p style=\"text-align: justify;\">Sabem que hi ha llibres apassionants, llibres que agraden i llibres que no agraden, voldr\u00edem que dins d&#8217;aquesta maleta en trobeu, sobretot, dels primers. I, esperem que aquestes lectures compartides us agradin i animin per continuar llegint en fam\u00edlia.<\/p>\n<p style=\"text-align: justify;\">El <em>Biblioequip<\/em>, un grup de nens i nenes de 4t, han estat els encarregats de repartir-les per totes les classes de Prim\u00e0ria.<\/p>\n","protected":false},"excerpt":{"rendered":"<p>La biblioteca de l\u2019escola continua amb la din\u00e0mica:\u00a0Les maletes viatgeres.\u00a0<br \/>\nL&#8217;objectiu principal \u00e9s fer de la lectura una activitat compartida entre nens, nenes, pares, mares, avis, \u00e0vies, germans, germanes&#8230; per tal que el nucli familiar llegeixi, parli, comenti i somi\u00ef.<br \/>\nEsperem que amb aquesta iniciativa anem consolidant&hellip;  <a href=\"https:\/\/agora.xtec.cat\/ceip-jrj\/portada\/biblioequip\/\" title=\"Read BIBLIOEQUIP\">Llegeix m\u00e9s\u00bb<\/a><\/p>\n","protected":false},"author":1,"featured_media":2871,"comment_status":"closed","ping_status":"closed","sticky":false,"template":"","format":"standard","meta":{"_bbp_topic_count":0,"_bbp_reply_count":0,"_bbp_total_topic_count":0,"_bbp_total_reply_count":0,"_bbp_voice_count":0,"_bbp_anonymous_reply_count":0,"_bbp_topic_count_hidden":0,"_bbp_reply_count_hidden":0,"_bbp_forum_subforum_count":0,"footnotes":""},"categories":[4],"tags":[],"class_list":["post-2870","post","type-post","status-publish","format-standard","has-post-thumbnail","hentry","category-portada"],"post_mailing_queue_ids":[],"_links":{"self":[{"href":"https:\/\/agora.xtec.cat\/ceip-jrj\/wp-json\/wp\/v2\/posts\/2870","targetHints":{"allow":["GET"]}}],"collection":[{"href":"https:\/\/agora.xtec.cat\/ceip-jrj\/wp-json\/wp\/v2\/posts"}],"about":[{"href":"https:\/\/agora.xtec.cat\/ceip-jrj\/wp-json\/wp\/v2\/types\/post"}],"author":[{"embeddable":true,"href":"https:\/\/agora.xtec.cat\/ceip-jrj\/wp-json\/wp\/v2\/users\/1"}],"replies":[{"embeddable":true,"href":"https:\/\/agora.xtec.cat\/ceip-jrj\/wp-json\/wp\/v2\/comments?post=2870"}],"version-history":[{"count":1,"href":"https:\/\/agora.xtec.cat\/ceip-jrj\/wp-json\/wp\/v2\/posts\/2870\/revisions"}],"predecessor-version":[{"id":2872,"href":"https:\/\/agora.xtec.cat\/ceip-jrj\/wp-json\/wp\/v2\/posts\/2870\/revisions\/2872"}],"wp:featuredmedia":[{"embeddable":true,"href":"https:\/\/agora.xtec.cat\/ceip-jrj\/wp-json\/wp\/v2\/media\/2871"}],"wp:attachment":[{"href":"https:\/\/agora.xtec.cat\/ceip-jrj\/wp-json\/wp\/v2\/media?parent=2870"}],"wp:term":[{"taxonomy":"category","embeddable":true,"href":"https:\/\/agora.xtec.cat\/ceip-jrj\/wp-json\/wp\/v2\/categories?post=2870"},{"taxonomy":"post_tag","embeddable":true,"href":"https:\/\/agora.xtec.cat\/ceip-jrj\/wp-json\/wp\/v2\/tags?post=2870"}],"curies":[{"name":"wp","href":"https:\/\/api.w.org\/{rel}","templated":true}]}}