{"id":2782,"date":"2020-03-07T13:00:02","date_gmt":"2020-03-07T12:00:02","guid":{"rendered":"http:\/\/agora.xtec.cat\/ceip-jrj\/?p=2782"},"modified":"2020-03-07T13:11:01","modified_gmt":"2020-03-07T12:11:01","slug":"les-tardes-obertes","status":"publish","type":"post","link":"https:\/\/agora.xtec.cat\/ceip-jrj\/general\/les-tardes-obertes\/","title":{"rendered":"LES TARDES OBERTES"},"content":{"rendered":"<p>El divendres 28 de febrer els infants de P-4 i P-5 vam poder tornar a jugar amb quatre pares i mares, a la tercera Tarda Oberta ens ho hem passat genial! \u00c9s fant\u00e0stic poder comptar sempre amb les fam\u00edlies i passar una tarda on poder compartir aprenentatges. Gr\u00e0cies fam\u00edlies per ajudar-nos a fer escola!!! <a href=\"https:\/\/photos.app.goo.gl\/BfSbUUv8BGTqU8Zq9\">Podeu veure aqu\u00ed imatges la nostra tercera Tarda Oberta<\/a>.<\/p>\n","protected":false},"excerpt":{"rendered":"<p>El divendres 28 de febrer els infants de P-4 i P-5 vam poder tornar a jugar amb quatre pares i mares, a la tercera Tarda Oberta ens ho hem passat genial! \u00c9s fant\u00e0stic poder comptar sempre amb les fam\u00edlies i passar una tarda on poder&hellip;  <a href=\"https:\/\/agora.xtec.cat\/ceip-jrj\/general\/les-tardes-obertes\/\" title=\"Read LES TARDES OBERTES\">Llegeix m\u00e9s\u00bb<\/a><\/p>\n","protected":false},"author":1,"featured_media":3161,"comment_status":"closed","ping_status":"closed","sticky":false,"template":"","format":"standard","meta":{"_bbp_topic_count":0,"_bbp_reply_count":0,"_bbp_total_topic_count":0,"_bbp_total_reply_count":0,"_bbp_voice_count":0,"_bbp_anonymous_reply_count":0,"_bbp_topic_count_hidden":0,"_bbp_reply_count_hidden":0,"_bbp_forum_subforum_count":0,"footnotes":""},"categories":[1,2,4],"tags":[],"class_list":["post-2782","post","type-post","status-publish","format-standard","has-post-thumbnail","hentry","category-general","category-infantil","category-portada"],"post_mailing_queue_ids":[],"_links":{"self":[{"href":"https:\/\/agora.xtec.cat\/ceip-jrj\/wp-json\/wp\/v2\/posts\/2782","targetHints":{"allow":["GET"]}}],"collection":[{"href":"https:\/\/agora.xtec.cat\/ceip-jrj\/wp-json\/wp\/v2\/posts"}],"about":[{"href":"https:\/\/agora.xtec.cat\/ceip-jrj\/wp-json\/wp\/v2\/types\/post"}],"author":[{"embeddable":true,"href":"https:\/\/agora.xtec.cat\/ceip-jrj\/wp-json\/wp\/v2\/users\/1"}],"replies":[{"embeddable":true,"href":"https:\/\/agora.xtec.cat\/ceip-jrj\/wp-json\/wp\/v2\/comments?post=2782"}],"version-history":[{"count":3,"href":"https:\/\/agora.xtec.cat\/ceip-jrj\/wp-json\/wp\/v2\/posts\/2782\/revisions"}],"predecessor-version":[{"id":3160,"href":"https:\/\/agora.xtec.cat\/ceip-jrj\/wp-json\/wp\/v2\/posts\/2782\/revisions\/3160"}],"wp:featuredmedia":[{"embeddable":true,"href":"https:\/\/agora.xtec.cat\/ceip-jrj\/wp-json\/wp\/v2\/media\/3161"}],"wp:attachment":[{"href":"https:\/\/agora.xtec.cat\/ceip-jrj\/wp-json\/wp\/v2\/media?parent=2782"}],"wp:term":[{"taxonomy":"category","embeddable":true,"href":"https:\/\/agora.xtec.cat\/ceip-jrj\/wp-json\/wp\/v2\/categories?post=2782"},{"taxonomy":"post_tag","embeddable":true,"href":"https:\/\/agora.xtec.cat\/ceip-jrj\/wp-json\/wp\/v2\/tags?post=2782"}],"curies":[{"name":"wp","href":"https:\/\/api.w.org\/{rel}","templated":true}]}}