{"id":2757,"date":"2019-11-30T17:28:50","date_gmt":"2019-11-30T16:28:50","guid":{"rendered":"http:\/\/agora.xtec.cat\/ceip-jrj\/?p=2757"},"modified":"2019-11-30T17:31:04","modified_gmt":"2019-11-30T16:31:04","slug":"entrades-de-cine-solidaries","status":"publish","type":"post","link":"https:\/\/agora.xtec.cat\/ceip-jrj\/general\/entrades-de-cine-solidaries\/","title":{"rendered":"ENTRADES DE CINE SOLID\u00c0RIES"},"content":{"rendered":"<h6 style=\"text-align: justify;\">Durant la setmana del 25 al 29 de novembre les delegades i els delegats de prim\u00e0ria han anat passant per les classes de P5 a 6\u00e8 per recollir els diners que l&#8217;alumnat ha portat com a donatiu per les malalties minorit\u00e0ries. L&#8217;alumnat de P3 i P4 l&#8217;ha dipositat en una guardiola davant de l&#8217;edifici\u00a0d&#8217;educaci\u00f3 infantil.<\/h6>\n<h6 style=\"text-align: justify;\">Aquest any l&#8217;escola dona suport a la &#8220;La Marat\u00f3&#8221; que recapta fons per investigar les malalties menys comuns. Ja que tenim com a tema transversal &#8220;el cinema&#8221;, aquesta aportaci\u00f3 volunt\u00e0ria simbolitza el preu de l&#8217;entrada del cinef\u00f2rum solidari al qual l&#8217;alumnat assistir\u00e0 a partir del divendres 29 de novembre.<\/h6>\n<h6 style=\"text-align: justify;\">Molt\u00edssimes gr\u00e0cies a tothom per la vostra solidaritat!<\/h6>\n<h6><\/h6>\n<div><a href=\"https:\/\/agora.xtec.cat\/ceip-jrj\/wp-content\/uploads\/usu280\/2019\/11\/IMG-1323.jpg\"><img loading=\"lazy\" decoding=\"async\" class=\"aligncenter wp-image-2760 size-medium\" src=\"https:\/\/agora.xtec.cat\/ceip-jrj\/wp-content\/uploads\/usu280\/2019\/11\/IMG-1323-300x225.jpg\" alt=\"\" width=\"300\" height=\"225\" srcset=\"https:\/\/agora.xtec.cat\/ceip-jrj\/wp-content\/uploads\/usu280\/2019\/11\/IMG-1323-300x225.jpg 300w, https:\/\/agora.xtec.cat\/ceip-jrj\/wp-content\/uploads\/usu280\/2019\/11\/IMG-1323-768x576.jpg 768w, https:\/\/agora.xtec.cat\/ceip-jrj\/wp-content\/uploads\/usu280\/2019\/11\/IMG-1323.jpg 1024w, https:\/\/agora.xtec.cat\/ceip-jrj\/wp-content\/uploads\/usu280\/2019\/11\/IMG-1323-200x150.jpg 200w\" sizes=\"auto, (max-width: 300px) 100vw, 300px\" \/><\/a><\/div>\n<div><\/div>\n<div><\/div>\n<div><a href=\"https:\/\/agora.xtec.cat\/ceip-jrj\/wp-content\/uploads\/usu280\/2019\/11\/IMG-1324.jpg\"><img loading=\"lazy\" decoding=\"async\" class=\"aligncenter wp-image-2761 size-medium\" src=\"https:\/\/agora.xtec.cat\/ceip-jrj\/wp-content\/uploads\/usu280\/2019\/11\/IMG-1324-300x225.jpg\" alt=\"\" width=\"300\" height=\"225\" srcset=\"https:\/\/agora.xtec.cat\/ceip-jrj\/wp-content\/uploads\/usu280\/2019\/11\/IMG-1324-300x225.jpg 300w, https:\/\/agora.xtec.cat\/ceip-jrj\/wp-content\/uploads\/usu280\/2019\/11\/IMG-1324-768x576.jpg 768w, https:\/\/agora.xtec.cat\/ceip-jrj\/wp-content\/uploads\/usu280\/2019\/11\/IMG-1324.jpg 1024w, https:\/\/agora.xtec.cat\/ceip-jrj\/wp-content\/uploads\/usu280\/2019\/11\/IMG-1324-200x150.jpg 200w\" sizes=\"auto, (max-width: 300px) 100vw, 300px\" \/><\/a><\/div>\n","protected":false},"excerpt":{"rendered":"<p>Durant la setmana del 25 al 29 de novembre les delegades i els delegats de prim\u00e0ria han anat passant per les classes de P5 a 6\u00e8 per recollir els diners que l&#8217;alumnat ha portat com a donatiu per les malalties minorit\u00e0ries. L&#8217;alumnat de P3 i&hellip;  <a href=\"https:\/\/agora.xtec.cat\/ceip-jrj\/general\/entrades-de-cine-solidaries\/\" title=\"Read ENTRADES DE CINE SOLID\u00c0RIES\">Llegeix m\u00e9s\u00bb<\/a><\/p>\n","protected":false},"author":1,"featured_media":2759,"comment_status":"closed","ping_status":"closed","sticky":false,"template":"","format":"standard","meta":{"_bbp_topic_count":0,"_bbp_reply_count":0,"_bbp_total_topic_count":0,"_bbp_total_reply_count":0,"_bbp_voice_count":0,"_bbp_anonymous_reply_count":0,"_bbp_topic_count_hidden":0,"_bbp_reply_count_hidden":0,"_bbp_forum_subforum_count":0,"footnotes":""},"categories":[1,4],"tags":[],"class_list":["post-2757","post","type-post","status-publish","format-standard","has-post-thumbnail","hentry","category-general","category-portada"],"post_mailing_queue_ids":[],"_links":{"self":[{"href":"https:\/\/agora.xtec.cat\/ceip-jrj\/wp-json\/wp\/v2\/posts\/2757","targetHints":{"allow":["GET"]}}],"collection":[{"href":"https:\/\/agora.xtec.cat\/ceip-jrj\/wp-json\/wp\/v2\/posts"}],"about":[{"href":"https:\/\/agora.xtec.cat\/ceip-jrj\/wp-json\/wp\/v2\/types\/post"}],"author":[{"embeddable":true,"href":"https:\/\/agora.xtec.cat\/ceip-jrj\/wp-json\/wp\/v2\/users\/1"}],"replies":[{"embeddable":true,"href":"https:\/\/agora.xtec.cat\/ceip-jrj\/wp-json\/wp\/v2\/comments?post=2757"}],"version-history":[{"count":2,"href":"https:\/\/agora.xtec.cat\/ceip-jrj\/wp-json\/wp\/v2\/posts\/2757\/revisions"}],"predecessor-version":[{"id":2763,"href":"https:\/\/agora.xtec.cat\/ceip-jrj\/wp-json\/wp\/v2\/posts\/2757\/revisions\/2763"}],"wp:featuredmedia":[{"embeddable":true,"href":"https:\/\/agora.xtec.cat\/ceip-jrj\/wp-json\/wp\/v2\/media\/2759"}],"wp:attachment":[{"href":"https:\/\/agora.xtec.cat\/ceip-jrj\/wp-json\/wp\/v2\/media?parent=2757"}],"wp:term":[{"taxonomy":"category","embeddable":true,"href":"https:\/\/agora.xtec.cat\/ceip-jrj\/wp-json\/wp\/v2\/categories?post=2757"},{"taxonomy":"post_tag","embeddable":true,"href":"https:\/\/agora.xtec.cat\/ceip-jrj\/wp-json\/wp\/v2\/tags?post=2757"}],"curies":[{"name":"wp","href":"https:\/\/api.w.org\/{rel}","templated":true}]}}