{"id":2736,"date":"2019-11-21T09:04:55","date_gmt":"2019-11-21T08:04:55","guid":{"rendered":"http:\/\/agora.xtec.cat\/ceip-jrj\/?p=2736"},"modified":"2019-11-21T13:13:57","modified_gmt":"2019-11-21T12:13:57","slug":"portes-obertes-menjador","status":"publish","type":"post","link":"https:\/\/agora.xtec.cat\/ceip-jrj\/general\/portes-obertes-menjador\/","title":{"rendered":"PORTES OBERTES MENJADOR"},"content":{"rendered":"<p style=\"text-align: justify;\">L&#8217;empresa del menjador Campos Estela us vol oferir la possibilitat de compartir un dinar amb els vostres fills i filles si s\u00f3n usuaris fixes del servei.<\/p>\n<p style=\"text-align: justify;\">A partir de gener, cada dimarts i dijous podran entrar un pare o mare de cada cicle (infantil, cicle inicial, cicle mitj\u00e0 i cicle superior), quatre en total. Si voleu reservar un dia, cal que passeu per secretaria i apuntar-vos en una graella on consten els dies des del 14 de gener fins al mes de juny.<\/p>\n<p style=\"text-align: justify;\">Per possibilitar que puguin gaudir de la proposta el m\u00e0xim nombre de pares i mares, nom\u00e9s assistir\u00e0 una persona per fam\u00edlia, encara que hi hagi dos o m\u00e9s germans fent \u00fas del servei del menjador.<\/p>\n<p style=\"text-align: justify;\">Que vagi de gust!!!<\/p>\n<p>&nbsp;<\/p>\n","protected":false},"excerpt":{"rendered":"<p>L&#8217;empresa del menjador Campos Estela us vol oferir la possibilitat de compartir un dinar amb els vostres fills i filles si s\u00f3n usuaris fixes del servei.<br \/>\nA partir de gener, cada dimarts i dijous podran entrar un pare o mare de cada cicle (infantil, cicle inicial,&hellip;  <a href=\"https:\/\/agora.xtec.cat\/ceip-jrj\/general\/portes-obertes-menjador\/\" title=\"Read PORTES OBERTES MENJADOR\">Llegeix m\u00e9s\u00bb<\/a><\/p>\n","protected":false},"author":1,"featured_media":2737,"comment_status":"closed","ping_status":"closed","sticky":false,"template":"","format":"standard","meta":{"_bbp_topic_count":0,"_bbp_reply_count":0,"_bbp_total_topic_count":0,"_bbp_total_reply_count":0,"_bbp_voice_count":0,"_bbp_anonymous_reply_count":0,"_bbp_topic_count_hidden":0,"_bbp_reply_count_hidden":0,"_bbp_forum_subforum_count":0,"footnotes":""},"categories":[1,4],"tags":[],"class_list":["post-2736","post","type-post","status-publish","format-standard","has-post-thumbnail","hentry","category-general","category-portada"],"post_mailing_queue_ids":[],"_links":{"self":[{"href":"https:\/\/agora.xtec.cat\/ceip-jrj\/wp-json\/wp\/v2\/posts\/2736","targetHints":{"allow":["GET"]}}],"collection":[{"href":"https:\/\/agora.xtec.cat\/ceip-jrj\/wp-json\/wp\/v2\/posts"}],"about":[{"href":"https:\/\/agora.xtec.cat\/ceip-jrj\/wp-json\/wp\/v2\/types\/post"}],"author":[{"embeddable":true,"href":"https:\/\/agora.xtec.cat\/ceip-jrj\/wp-json\/wp\/v2\/users\/1"}],"replies":[{"embeddable":true,"href":"https:\/\/agora.xtec.cat\/ceip-jrj\/wp-json\/wp\/v2\/comments?post=2736"}],"version-history":[{"count":1,"href":"https:\/\/agora.xtec.cat\/ceip-jrj\/wp-json\/wp\/v2\/posts\/2736\/revisions"}],"predecessor-version":[{"id":2738,"href":"https:\/\/agora.xtec.cat\/ceip-jrj\/wp-json\/wp\/v2\/posts\/2736\/revisions\/2738"}],"wp:featuredmedia":[{"embeddable":true,"href":"https:\/\/agora.xtec.cat\/ceip-jrj\/wp-json\/wp\/v2\/media\/2737"}],"wp:attachment":[{"href":"https:\/\/agora.xtec.cat\/ceip-jrj\/wp-json\/wp\/v2\/media?parent=2736"}],"wp:term":[{"taxonomy":"category","embeddable":true,"href":"https:\/\/agora.xtec.cat\/ceip-jrj\/wp-json\/wp\/v2\/categories?post=2736"},{"taxonomy":"post_tag","embeddable":true,"href":"https:\/\/agora.xtec.cat\/ceip-jrj\/wp-json\/wp\/v2\/tags?post=2736"}],"curies":[{"name":"wp","href":"https:\/\/api.w.org\/{rel}","templated":true}]}}