{"id":2721,"date":"2019-11-16T16:49:43","date_gmt":"2019-11-16T15:49:43","guid":{"rendered":"http:\/\/agora.xtec.cat\/ceip-jrj\/?p=2721"},"modified":"2019-11-16T20:38:58","modified_gmt":"2019-11-16T19:38:58","slug":"teatre-a-infantil","status":"publish","type":"post","link":"https:\/\/agora.xtec.cat\/ceip-jrj\/general\/teatre-a-infantil\/","title":{"rendered":"TEATRE A INFANTIL"},"content":{"rendered":"<p>Un any m\u00e9s els infants de P-4 i P-5 vam poder anar al Centre Cultural a gaudir d&#8217;un dels espectacles que ofereix l&#8217;Aula de teatre a les escoles del poble. L&#8217;obra que vam poder veure va ser &#8220;Superbleda&#8221;. Vam riure d&#8217;all\u00f2 m\u00e9s, quina estona m\u00e9s divertida!!!<\/p>\n<p><a href=\"https:\/\/agora.xtec.cat\/ceip-jrj\/wp-content\/uploads\/usu280\/2019\/11\/IMG-20191115-WA0013.jpg\"><img loading=\"lazy\" decoding=\"async\" class=\"alignnone size-large wp-image-2722\" src=\"https:\/\/agora.xtec.cat\/ceip-jrj\/wp-content\/uploads\/usu280\/2019\/11\/IMG-20191115-WA0013-768x1024.jpg\" alt=\"\" width=\"768\" height=\"1024\" srcset=\"https:\/\/agora.xtec.cat\/ceip-jrj\/wp-content\/uploads\/usu280\/2019\/11\/IMG-20191115-WA0013-768x1024.jpg 768w, https:\/\/agora.xtec.cat\/ceip-jrj\/wp-content\/uploads\/usu280\/2019\/11\/IMG-20191115-WA0013-225x300.jpg 225w, https:\/\/agora.xtec.cat\/ceip-jrj\/wp-content\/uploads\/usu280\/2019\/11\/IMG-20191115-WA0013.jpg 1536w\" sizes=\"auto, (max-width: 768px) 100vw, 768px\" \/><\/a><\/p>\n","protected":false},"excerpt":{"rendered":"<p>Un any m\u00e9s els infants de P-4 i P-5 vam poder anar al Centre Cultural a gaudir d&#8217;un dels espectacles que ofereix l&#8217;Aula de teatre a les escoles del poble. L&#8217;obra que vam poder veure va ser &#8220;Superbleda&#8221;. Vam riure d&#8217;all\u00f2 m\u00e9s, quina estona m\u00e9s&hellip;  <a href=\"https:\/\/agora.xtec.cat\/ceip-jrj\/general\/teatre-a-infantil\/\" title=\"Read TEATRE A INFANTIL\">Llegeix m\u00e9s\u00bb<\/a><\/p>\n","protected":false},"author":1,"featured_media":2723,"comment_status":"closed","ping_status":"closed","sticky":false,"template":"","format":"standard","meta":{"_bbp_topic_count":0,"_bbp_reply_count":0,"_bbp_total_topic_count":0,"_bbp_total_reply_count":0,"_bbp_voice_count":0,"_bbp_anonymous_reply_count":0,"_bbp_topic_count_hidden":0,"_bbp_reply_count_hidden":0,"_bbp_forum_subforum_count":0,"footnotes":""},"categories":[1,2,4],"tags":[],"class_list":["post-2721","post","type-post","status-publish","format-standard","has-post-thumbnail","hentry","category-general","category-infantil","category-portada"],"post_mailing_queue_ids":[],"_links":{"self":[{"href":"https:\/\/agora.xtec.cat\/ceip-jrj\/wp-json\/wp\/v2\/posts\/2721","targetHints":{"allow":["GET"]}}],"collection":[{"href":"https:\/\/agora.xtec.cat\/ceip-jrj\/wp-json\/wp\/v2\/posts"}],"about":[{"href":"https:\/\/agora.xtec.cat\/ceip-jrj\/wp-json\/wp\/v2\/types\/post"}],"author":[{"embeddable":true,"href":"https:\/\/agora.xtec.cat\/ceip-jrj\/wp-json\/wp\/v2\/users\/1"}],"replies":[{"embeddable":true,"href":"https:\/\/agora.xtec.cat\/ceip-jrj\/wp-json\/wp\/v2\/comments?post=2721"}],"version-history":[{"count":1,"href":"https:\/\/agora.xtec.cat\/ceip-jrj\/wp-json\/wp\/v2\/posts\/2721\/revisions"}],"predecessor-version":[{"id":2724,"href":"https:\/\/agora.xtec.cat\/ceip-jrj\/wp-json\/wp\/v2\/posts\/2721\/revisions\/2724"}],"wp:featuredmedia":[{"embeddable":true,"href":"https:\/\/agora.xtec.cat\/ceip-jrj\/wp-json\/wp\/v2\/media\/2723"}],"wp:attachment":[{"href":"https:\/\/agora.xtec.cat\/ceip-jrj\/wp-json\/wp\/v2\/media?parent=2721"}],"wp:term":[{"taxonomy":"category","embeddable":true,"href":"https:\/\/agora.xtec.cat\/ceip-jrj\/wp-json\/wp\/v2\/categories?post=2721"},{"taxonomy":"post_tag","embeddable":true,"href":"https:\/\/agora.xtec.cat\/ceip-jrj\/wp-json\/wp\/v2\/tags?post=2721"}],"curies":[{"name":"wp","href":"https:\/\/api.w.org\/{rel}","templated":true}]}}