{"id":2704,"date":"2019-11-14T13:10:10","date_gmt":"2019-11-14T12:10:10","guid":{"rendered":"http:\/\/agora.xtec.cat\/ceip-jrj\/?p=2704"},"modified":"2019-11-14T13:10:10","modified_gmt":"2019-11-14T12:10:10","slug":"1a-trobada-de-delegades-i-delegats","status":"publish","type":"post","link":"https:\/\/agora.xtec.cat\/ceip-jrj\/general\/1a-trobada-de-delegades-i-delegats\/","title":{"rendered":"1a  TROBADA DE DELEGADES I DELEGATS"},"content":{"rendered":"<div style=\"text-align: justify;\">El passat 7 de novembre va tenir lloc la primera reuni\u00f3 de delegades i delegats a la sala de mestres de l&#8217;escola.<\/div>\n<div style=\"text-align: justify;\"><\/div>\n<div style=\"text-align: justify;\">Vam iniciar l&#8217;ordre del dia explicant la din\u00e0mica de la B\u00fastia Agra\u00efda. Igual que el curs passat, dins la b\u00fastia, l&#8217;alumnat de P5 a 6\u00e8, deixa missatges de situacions amables que hagin vist o que hagin viscut elles i ells mateixos: alg\u00fa que deixa un material a un company que no en t\u00e9, alg\u00fa\u00a0que dona les gr\u00e0cies, alg\u00fa que ajuda una companya o company al pati, etc. Dipositen aquests missatges dins la B\u00fastia i el dia de tutoria es treuen els paperets i es comenten totes les situacions viscudes. Aquest any, donat el tema transversal del cinema, la B\u00fastia t\u00e9 una aparen\u00e7a molt cinematogr\u00e0fica.<\/div>\n<div style=\"text-align: justify;\"><\/div>\n<div style=\"text-align: justify;\">A m\u00e9s a m\u00e9s, tamb\u00e9 es va informar ja a les delegades i delegats que el mes de desembre es duria a terme a l&#8217;escola un &#8220;Cinef\u00f2rum solidari&#8221; per recollir fons i fer una aportaci\u00f3 per &#8220;La Marat\u00f3&#8221; d&#8217;enguany. Les delegades i delegats informaran els seus companys que hauran de fer una aportaci\u00f3 volunt\u00e0ria en concepte de l&#8217;entrada de cinema. Respecte d&#8217;aquesta campanya solid\u00e0ria d&#8217;enguany se&#8217;n donar\u00e0 m\u00e9s informaci\u00f3 properament.<\/div>\n<div style=\"text-align: justify;\"><\/div>\n<div style=\"text-align: justify;\">Finalment, es va iniciar l&#8217;elaboraci\u00f3 d&#8217;una auca del pati que recorda com hem d&#8217;actuar a les diferents zones comuns durant l&#8217;esbarjo.<\/div>\n<div><\/div>\n<div><a href=\"https:\/\/agora.xtec.cat\/ceip-jrj\/wp-content\/uploads\/usu280\/2019\/11\/IMG-1242.jpg\"><img loading=\"lazy\" decoding=\"async\" class=\"size-large wp-image-2705 aligncenter\" src=\"https:\/\/agora.xtec.cat\/ceip-jrj\/wp-content\/uploads\/usu280\/2019\/11\/IMG-1242-1024x768.jpg\" alt=\"\" width=\"1024\" height=\"768\" srcset=\"https:\/\/agora.xtec.cat\/ceip-jrj\/wp-content\/uploads\/usu280\/2019\/11\/IMG-1242.jpg 1024w, https:\/\/agora.xtec.cat\/ceip-jrj\/wp-content\/uploads\/usu280\/2019\/11\/IMG-1242-300x225.jpg 300w, https:\/\/agora.xtec.cat\/ceip-jrj\/wp-content\/uploads\/usu280\/2019\/11\/IMG-1242-768x576.jpg 768w, https:\/\/agora.xtec.cat\/ceip-jrj\/wp-content\/uploads\/usu280\/2019\/11\/IMG-1242-200x150.jpg 200w\" sizes=\"auto, (max-width: 1024px) 100vw, 1024px\" \/><\/a><\/div>\n<div><\/div>\n<div><a href=\"https:\/\/agora.xtec.cat\/ceip-jrj\/wp-content\/uploads\/usu280\/2019\/11\/IMG-1245.jpg\"><img loading=\"lazy\" decoding=\"async\" class=\"size-large wp-image-2706 aligncenter\" src=\"https:\/\/agora.xtec.cat\/ceip-jrj\/wp-content\/uploads\/usu280\/2019\/11\/IMG-1245-768x1024.jpg\" alt=\"\" width=\"768\" height=\"1024\" srcset=\"https:\/\/agora.xtec.cat\/ceip-jrj\/wp-content\/uploads\/usu280\/2019\/11\/IMG-1245.jpg 768w, https:\/\/agora.xtec.cat\/ceip-jrj\/wp-content\/uploads\/usu280\/2019\/11\/IMG-1245-225x300.jpg 225w\" sizes=\"auto, (max-width: 768px) 100vw, 768px\" \/><\/a><\/div>\n","protected":false},"excerpt":{"rendered":"<p>El passat 7 de novembre va tenir lloc la primera reuni\u00f3 de delegades i delegats a la sala de mestres de l&#8217;escola.<\/p>\n<p>Vam iniciar l&#8217;ordre del dia explicant la din\u00e0mica de la B\u00fastia Agra\u00efda. Igual que el curs passat, dins la b\u00fastia, l&#8217;alumnat de P5 a&hellip;  <a href=\"https:\/\/agora.xtec.cat\/ceip-jrj\/general\/1a-trobada-de-delegades-i-delegats\/\" title=\"Read 1a  TROBADA DE DELEGADES I DELEGATS\">Llegeix m\u00e9s\u00bb<\/a><\/p>\n","protected":false},"author":1,"featured_media":2705,"comment_status":"closed","ping_status":"closed","sticky":false,"template":"","format":"standard","meta":{"_bbp_topic_count":0,"_bbp_reply_count":0,"_bbp_total_topic_count":0,"_bbp_total_reply_count":0,"_bbp_voice_count":0,"_bbp_anonymous_reply_count":0,"_bbp_topic_count_hidden":0,"_bbp_reply_count_hidden":0,"_bbp_forum_subforum_count":0,"footnotes":""},"categories":[1,4],"tags":[],"class_list":["post-2704","post","type-post","status-publish","format-standard","has-post-thumbnail","hentry","category-general","category-portada"],"post_mailing_queue_ids":[],"_links":{"self":[{"href":"https:\/\/agora.xtec.cat\/ceip-jrj\/wp-json\/wp\/v2\/posts\/2704","targetHints":{"allow":["GET"]}}],"collection":[{"href":"https:\/\/agora.xtec.cat\/ceip-jrj\/wp-json\/wp\/v2\/posts"}],"about":[{"href":"https:\/\/agora.xtec.cat\/ceip-jrj\/wp-json\/wp\/v2\/types\/post"}],"author":[{"embeddable":true,"href":"https:\/\/agora.xtec.cat\/ceip-jrj\/wp-json\/wp\/v2\/users\/1"}],"replies":[{"embeddable":true,"href":"https:\/\/agora.xtec.cat\/ceip-jrj\/wp-json\/wp\/v2\/comments?post=2704"}],"version-history":[{"count":1,"href":"https:\/\/agora.xtec.cat\/ceip-jrj\/wp-json\/wp\/v2\/posts\/2704\/revisions"}],"predecessor-version":[{"id":2707,"href":"https:\/\/agora.xtec.cat\/ceip-jrj\/wp-json\/wp\/v2\/posts\/2704\/revisions\/2707"}],"wp:featuredmedia":[{"embeddable":true,"href":"https:\/\/agora.xtec.cat\/ceip-jrj\/wp-json\/wp\/v2\/media\/2705"}],"wp:attachment":[{"href":"https:\/\/agora.xtec.cat\/ceip-jrj\/wp-json\/wp\/v2\/media?parent=2704"}],"wp:term":[{"taxonomy":"category","embeddable":true,"href":"https:\/\/agora.xtec.cat\/ceip-jrj\/wp-json\/wp\/v2\/categories?post=2704"},{"taxonomy":"post_tag","embeddable":true,"href":"https:\/\/agora.xtec.cat\/ceip-jrj\/wp-json\/wp\/v2\/tags?post=2704"}],"curies":[{"name":"wp","href":"https:\/\/api.w.org\/{rel}","templated":true}]}}