{"id":2696,"date":"2019-11-10T20:04:11","date_gmt":"2019-11-10T19:04:11","guid":{"rendered":"http:\/\/agora.xtec.cat\/ceip-jrj\/?p=2696"},"modified":"2019-11-10T20:05:24","modified_gmt":"2019-11-10T19:05:24","slug":"la-castanyada-a-can-montcau","status":"publish","type":"post","link":"https:\/\/agora.xtec.cat\/ceip-jrj\/general\/la-castanyada-a-can-montcau\/","title":{"rendered":"LA CASTANYADA A CAN MONTCAU"},"content":{"rendered":"<p>El dimecres 5 de novembre, les dues classes de P5 vam anar cap a Can Montcau a la Roca del Vall\u00e8s a descobrir la castanyada i a gaudir passejant pel bosc. Vam poder elaborar uns riqu\u00edssims panellets de tres maneres diferents: amb ametlla, de xocolata i amb cirera. Ens ho vam passar d&#8217;all\u00f2 m\u00e9s b\u00e9! Despr\u00e9s vam fer una passejada endinsant-nos al bosc per buscar castanyes i gaudir de la natura. Finalment vam trobar la casa de la castanyera i vam decidir regalar-li totes les castanyes que hav\u00edem trobat. Just abans de marxar, la Maria la castanyera ens va venir a buscar i ens va donar a cadascun de nosaltres castanyes que ella mateixa havia torrat. Estem molt contents perqu\u00e8 va ser un dia molt divertit!\u00a0 <a href=\"https:\/\/photos.app.goo.gl\/dChNaTH8Kiz6UBCBA\">Aqu\u00ed podeu veure les imatges de la sortida.<\/a><\/p>\n<div class=\"yj6qo\"><\/div>\n<div class=\"adL\"><\/div>\n","protected":false},"excerpt":{"rendered":"<p>El dimecres 5 de novembre, les dues classes de P5 vam anar cap a Can Montcau a la Roca del Vall\u00e8s a descobrir la castanyada i a gaudir passejant pel bosc. Vam poder elaborar uns riqu\u00edssims panellets de tres maneres diferents: amb ametlla, de xocolata&hellip;  <a href=\"https:\/\/agora.xtec.cat\/ceip-jrj\/general\/la-castanyada-a-can-montcau\/\" title=\"Read LA CASTANYADA A CAN MONTCAU\">Llegeix m\u00e9s\u00bb<\/a><\/p>\n","protected":false},"author":1,"featured_media":2697,"comment_status":"closed","ping_status":"closed","sticky":false,"template":"","format":"standard","meta":{"_bbp_topic_count":0,"_bbp_reply_count":0,"_bbp_total_topic_count":0,"_bbp_total_reply_count":0,"_bbp_voice_count":0,"_bbp_anonymous_reply_count":0,"_bbp_topic_count_hidden":0,"_bbp_reply_count_hidden":0,"_bbp_forum_subforum_count":0,"footnotes":""},"categories":[1,2,9,4],"tags":[],"class_list":["post-2696","post","type-post","status-publish","format-standard","has-post-thumbnail","hentry","category-general","category-infantil","category-p5","category-portada"],"post_mailing_queue_ids":[],"_links":{"self":[{"href":"https:\/\/agora.xtec.cat\/ceip-jrj\/wp-json\/wp\/v2\/posts\/2696","targetHints":{"allow":["GET"]}}],"collection":[{"href":"https:\/\/agora.xtec.cat\/ceip-jrj\/wp-json\/wp\/v2\/posts"}],"about":[{"href":"https:\/\/agora.xtec.cat\/ceip-jrj\/wp-json\/wp\/v2\/types\/post"}],"author":[{"embeddable":true,"href":"https:\/\/agora.xtec.cat\/ceip-jrj\/wp-json\/wp\/v2\/users\/1"}],"replies":[{"embeddable":true,"href":"https:\/\/agora.xtec.cat\/ceip-jrj\/wp-json\/wp\/v2\/comments?post=2696"}],"version-history":[{"count":2,"href":"https:\/\/agora.xtec.cat\/ceip-jrj\/wp-json\/wp\/v2\/posts\/2696\/revisions"}],"predecessor-version":[{"id":2699,"href":"https:\/\/agora.xtec.cat\/ceip-jrj\/wp-json\/wp\/v2\/posts\/2696\/revisions\/2699"}],"wp:featuredmedia":[{"embeddable":true,"href":"https:\/\/agora.xtec.cat\/ceip-jrj\/wp-json\/wp\/v2\/media\/2697"}],"wp:attachment":[{"href":"https:\/\/agora.xtec.cat\/ceip-jrj\/wp-json\/wp\/v2\/media?parent=2696"}],"wp:term":[{"taxonomy":"category","embeddable":true,"href":"https:\/\/agora.xtec.cat\/ceip-jrj\/wp-json\/wp\/v2\/categories?post=2696"},{"taxonomy":"post_tag","embeddable":true,"href":"https:\/\/agora.xtec.cat\/ceip-jrj\/wp-json\/wp\/v2\/tags?post=2696"}],"curies":[{"name":"wp","href":"https:\/\/api.w.org\/{rel}","templated":true}]}}