{"id":2614,"date":"2019-10-15T13:11:59","date_gmt":"2019-10-15T11:11:59","guid":{"rendered":"http:\/\/agora.xtec.cat\/ceip-jrj\/?p=2614"},"modified":"2019-10-15T13:11:59","modified_gmt":"2019-10-15T11:11:59","slug":"les-maletes-viatgeres","status":"publish","type":"post","link":"https:\/\/agora.xtec.cat\/ceip-jrj\/general\/les-maletes-viatgeres\/","title":{"rendered":"LES MALETES VIATGERES"},"content":{"rendered":"<p>La biblioteca de l\u2019escola continua amb la din\u00e0mica:\u00a0<strong>Les maletes viatgeres.<\/strong><\/p>\n<p>L&#8217;objectiu principal \u00e9s fer de la lectura una activitat compartida entre nens, nenes, pares, mares, avis, \u00e0vies, germans, germanes&#8230; per tal que el nucli familiar llegeixi, parli, comenti i somi\u00ef. Esperem que amb aquesta iniciativa anem consolidant l\u2019h\u00e0bit lector dels nostres alumnes. Com sempre, tenim el convenciment de qu\u00e8 aquest projecte necessita de la vostra col\u00b7laboraci\u00f3 activa i engrescadora. Junts, escola i fam\u00edlia endinsarem les criatures en l&#8217;aventura i el plaer de llegir.<\/p>\n<p>Sabem que hi ha llibres apassionants, llibres que agraden i llibres que no agraden, voldr\u00edem que dins d&#8217;aquesta maleta en trobeu, sobretot, dels primers. I, esperem que aquestes lectures compartides, us agradin i us animin per continuar llegint en fam\u00edlia.<\/p>\n<p>El Biblioequip, un grup de nens i nenes de 4t, han estat els encarregats de repartir-les per totes les classes de Prim\u00e0ria.<\/p>\n","protected":false},"excerpt":{"rendered":"<p>La biblioteca de l\u2019escola continua amb la din\u00e0mica:\u00a0Les maletes viatgeres.<br \/>\nL&#8217;objectiu principal \u00e9s fer de la lectura una activitat compartida entre nens, nenes, pares, mares, avis, \u00e0vies, germans, germanes&#8230; per tal que el nucli familiar llegeixi, parli, comenti i somi\u00ef. Esperem que amb aquesta iniciativa anem&hellip;  <a href=\"https:\/\/agora.xtec.cat\/ceip-jrj\/general\/les-maletes-viatgeres\/\" title=\"Read LES MALETES VIATGERES\">Llegeix m\u00e9s\u00bb<\/a><\/p>\n","protected":false},"author":1,"featured_media":2615,"comment_status":"closed","ping_status":"closed","sticky":false,"template":"","format":"standard","meta":{"_bbp_topic_count":0,"_bbp_reply_count":0,"_bbp_total_topic_count":0,"_bbp_total_reply_count":0,"_bbp_voice_count":0,"_bbp_anonymous_reply_count":0,"_bbp_topic_count_hidden":0,"_bbp_reply_count_hidden":0,"_bbp_forum_subforum_count":0,"footnotes":""},"categories":[1,4],"tags":[],"class_list":["post-2614","post","type-post","status-publish","format-standard","has-post-thumbnail","hentry","category-general","category-portada"],"post_mailing_queue_ids":[],"_links":{"self":[{"href":"https:\/\/agora.xtec.cat\/ceip-jrj\/wp-json\/wp\/v2\/posts\/2614","targetHints":{"allow":["GET"]}}],"collection":[{"href":"https:\/\/agora.xtec.cat\/ceip-jrj\/wp-json\/wp\/v2\/posts"}],"about":[{"href":"https:\/\/agora.xtec.cat\/ceip-jrj\/wp-json\/wp\/v2\/types\/post"}],"author":[{"embeddable":true,"href":"https:\/\/agora.xtec.cat\/ceip-jrj\/wp-json\/wp\/v2\/users\/1"}],"replies":[{"embeddable":true,"href":"https:\/\/agora.xtec.cat\/ceip-jrj\/wp-json\/wp\/v2\/comments?post=2614"}],"version-history":[{"count":1,"href":"https:\/\/agora.xtec.cat\/ceip-jrj\/wp-json\/wp\/v2\/posts\/2614\/revisions"}],"predecessor-version":[{"id":2616,"href":"https:\/\/agora.xtec.cat\/ceip-jrj\/wp-json\/wp\/v2\/posts\/2614\/revisions\/2616"}],"wp:featuredmedia":[{"embeddable":true,"href":"https:\/\/agora.xtec.cat\/ceip-jrj\/wp-json\/wp\/v2\/media\/2615"}],"wp:attachment":[{"href":"https:\/\/agora.xtec.cat\/ceip-jrj\/wp-json\/wp\/v2\/media?parent=2614"}],"wp:term":[{"taxonomy":"category","embeddable":true,"href":"https:\/\/agora.xtec.cat\/ceip-jrj\/wp-json\/wp\/v2\/categories?post=2614"},{"taxonomy":"post_tag","embeddable":true,"href":"https:\/\/agora.xtec.cat\/ceip-jrj\/wp-json\/wp\/v2\/tags?post=2614"}],"curies":[{"name":"wp","href":"https:\/\/api.w.org\/{rel}","templated":true}]}}