{"id":2604,"date":"2019-10-11T19:45:42","date_gmt":"2019-10-11T17:45:42","guid":{"rendered":"http:\/\/agora.xtec.cat\/ceip-jrj\/?p=2604"},"modified":"2019-10-15T14:30:54","modified_gmt":"2019-10-15T12:30:54","slug":"colonia-guell-6e","status":"publish","type":"post","link":"https:\/\/agora.xtec.cat\/ceip-jrj\/general\/colonia-guell-6e\/","title":{"rendered":"COL\u00d2NIA G\u00dcELL 6\u00e8"},"content":{"rendered":"<p>L&#8217;alumnat de 6\u00e8. hem visitat la Col\u00f2nia G\u00fcell, situada a Santa Coloma de Cervell\u00f3. Hem apr\u00e8s el funcionament d&#8217;una col\u00f2nia industrial, per qu\u00e8 es constru\u00efen aquestes i hem conegut la vida quotidiana de la gent que hi vivia. A m\u00e9s, hem pogut gaudir de l&#8217;arquitectura d&#8217;Antoni Gaud\u00ed, gr\u00e0cies a la gran varietat d&#8217;edificis que hi ha en aquest poble. La cripta \u00e9s un edifici meravell\u00f3s ple de detalls i m\u00e0gia. Recomanem a tothom visitar la col\u00f2nia.<\/p>\n<p>&nbsp;<\/p>\n<p><a href=\"https:\/\/agora.xtec.cat\/ceip-jrj\/wp-content\/uploads\/usu280\/2019\/10\/IMG_20191011_110746.jpg\"><img loading=\"lazy\" decoding=\"async\" class=\"aligncenter wp-image-2605 size-medium\" src=\"https:\/\/agora.xtec.cat\/ceip-jrj\/wp-content\/uploads\/usu280\/2019\/10\/IMG_20191011_110746-225x300.jpg\" alt=\"\" width=\"225\" height=\"300\" srcset=\"https:\/\/agora.xtec.cat\/ceip-jrj\/wp-content\/uploads\/usu280\/2019\/10\/IMG_20191011_110746-225x300.jpg 225w, https:\/\/agora.xtec.cat\/ceip-jrj\/wp-content\/uploads\/usu280\/2019\/10\/IMG_20191011_110746.jpg 768w\" sizes=\"auto, (max-width: 225px) 100vw, 225px\" \/><\/a> <a href=\"https:\/\/agora.xtec.cat\/ceip-jrj\/wp-content\/uploads\/usu280\/2019\/10\/IMG_20191011_110845.jpg\"><img loading=\"lazy\" decoding=\"async\" class=\"aligncenter wp-image-2606 size-medium\" src=\"https:\/\/agora.xtec.cat\/ceip-jrj\/wp-content\/uploads\/usu280\/2019\/10\/IMG_20191011_110845-225x300.jpg\" alt=\"\" width=\"225\" height=\"300\" srcset=\"https:\/\/agora.xtec.cat\/ceip-jrj\/wp-content\/uploads\/usu280\/2019\/10\/IMG_20191011_110845-225x300.jpg 225w, https:\/\/agora.xtec.cat\/ceip-jrj\/wp-content\/uploads\/usu280\/2019\/10\/IMG_20191011_110845.jpg 768w\" sizes=\"auto, (max-width: 225px) 100vw, 225px\" \/><\/a><\/p>\n<blockquote class=\"wp-embedded-content\" data-secret=\"NJo49p026e\"><p><a href=\"https:\/\/serveiseducatius.xtec.cat\/cda-cansantoi\/general\/viatgem-pels-inicis-de-la-colonia-guell\/\">Viatgem pels inicis de la Col\u00f2nia G\u00fcell<\/a><\/p><\/blockquote>\n<p><iframe loading=\"lazy\" class=\"wp-embedded-content\" sandbox=\"allow-scripts\" security=\"restricted\" style=\"position: absolute; clip: rect(1px, 1px, 1px, 1px);\" title=\"&#8220;Viatgem pels inicis de la Col\u00f2nia G\u00fcell&#8221; &#8212; CdA Can Santoi\" src=\"https:\/\/serveiseducatius.xtec.cat\/cda-cansantoi\/general\/viatgem-pels-inicis-de-la-colonia-guell\/embed\/#?secret=o50QeDEToU#?secret=NJo49p026e\" data-secret=\"NJo49p026e\" width=\"500\" height=\"282\" frameborder=\"0\" marginwidth=\"0\" marginheight=\"0\" scrolling=\"no\"><\/iframe><\/p>\n<p>&nbsp;<\/p>\n","protected":false},"excerpt":{"rendered":"<p>L&#8217;alumnat de 6\u00e8. hem visitat la Col\u00f2nia G\u00fcell, situada a Santa Coloma de Cervell\u00f3. Hem apr\u00e8s el funcionament d&#8217;una col\u00f2nia industrial, per qu\u00e8 es constru\u00efen aquestes i hem conegut la vida quotidiana de la gent que hi vivia. A m\u00e9s, hem pogut gaudir de l&#8217;arquitectura&hellip;  <a href=\"https:\/\/agora.xtec.cat\/ceip-jrj\/general\/colonia-guell-6e\/\" title=\"Read COL\u00d2NIA G\u00dcELL 6\u00e8\">Llegeix m\u00e9s\u00bb<\/a><\/p>\n","protected":false},"author":1,"featured_media":2607,"comment_status":"closed","ping_status":"closed","sticky":false,"template":"","format":"standard","meta":{"_bbp_topic_count":0,"_bbp_reply_count":0,"_bbp_total_topic_count":0,"_bbp_total_reply_count":0,"_bbp_voice_count":0,"_bbp_anonymous_reply_count":0,"_bbp_topic_count_hidden":0,"_bbp_reply_count_hidden":0,"_bbp_forum_subforum_count":0,"footnotes":""},"categories":[1,4],"tags":[],"class_list":["post-2604","post","type-post","status-publish","format-standard","has-post-thumbnail","hentry","category-general","category-portada"],"post_mailing_queue_ids":[],"_links":{"self":[{"href":"https:\/\/agora.xtec.cat\/ceip-jrj\/wp-json\/wp\/v2\/posts\/2604","targetHints":{"allow":["GET"]}}],"collection":[{"href":"https:\/\/agora.xtec.cat\/ceip-jrj\/wp-json\/wp\/v2\/posts"}],"about":[{"href":"https:\/\/agora.xtec.cat\/ceip-jrj\/wp-json\/wp\/v2\/types\/post"}],"author":[{"embeddable":true,"href":"https:\/\/agora.xtec.cat\/ceip-jrj\/wp-json\/wp\/v2\/users\/1"}],"replies":[{"embeddable":true,"href":"https:\/\/agora.xtec.cat\/ceip-jrj\/wp-json\/wp\/v2\/comments?post=2604"}],"version-history":[{"count":4,"href":"https:\/\/agora.xtec.cat\/ceip-jrj\/wp-json\/wp\/v2\/posts\/2604\/revisions"}],"predecessor-version":[{"id":2617,"href":"https:\/\/agora.xtec.cat\/ceip-jrj\/wp-json\/wp\/v2\/posts\/2604\/revisions\/2617"}],"wp:featuredmedia":[{"embeddable":true,"href":"https:\/\/agora.xtec.cat\/ceip-jrj\/wp-json\/wp\/v2\/media\/2607"}],"wp:attachment":[{"href":"https:\/\/agora.xtec.cat\/ceip-jrj\/wp-json\/wp\/v2\/media?parent=2604"}],"wp:term":[{"taxonomy":"category","embeddable":true,"href":"https:\/\/agora.xtec.cat\/ceip-jrj\/wp-json\/wp\/v2\/categories?post=2604"},{"taxonomy":"post_tag","embeddable":true,"href":"https:\/\/agora.xtec.cat\/ceip-jrj\/wp-json\/wp\/v2\/tags?post=2604"}],"curies":[{"name":"wp","href":"https:\/\/api.w.org\/{rel}","templated":true}]}}