{"id":2595,"date":"2019-10-10T19:34:29","date_gmt":"2019-10-10T17:34:29","guid":{"rendered":"http:\/\/agora.xtec.cat\/ceip-jrj\/?p=2595"},"modified":"2019-11-22T18:31:30","modified_gmt":"2019-11-22T17:31:30","slug":"tallers-dexperiments-a-2n","status":"publish","type":"post","link":"https:\/\/agora.xtec.cat\/ceip-jrj\/general\/tallers-dexperiments-a-2n\/","title":{"rendered":"TALLERS D&#8217;EXPERIMENTS A 2n"},"content":{"rendered":"<p lang=\"ca-ES\">Eiii que els nens i les nenes de 2n ja hem engegat els nostres Tallers d\u2019Experimentaci\u00f3!<\/p>\n<p lang=\"ca-ES\">Us anirem penjant en la web les fotografies dels experiments que m\u00e9s ens han agradat. Preneu bona nota perqu\u00e8 aquest curs participarem en el 6<sup>\u00e8<\/sup> Congr\u00e9s de Ci\u00e8ncia a l\u2019escola.<\/p>\n<figure class=\"figure wp-caption aligncenter\"><a href=\"https:\/\/agora.xtec.cat\/ceip-jrj\/wp-content\/uploads\/usu280\/2019\/10\/IMG-20191003-WA0010.jpg\"><img loading=\"lazy\" decoding=\"async\" class=\"wp-image-2596\" src=\"https:\/\/agora.xtec.cat\/ceip-jrj\/wp-content\/uploads\/usu280\/2019\/10\/IMG-20191003-WA0010-1024x916.jpg\" alt=\"\" width=\"342\" height=\"306\" srcset=\"https:\/\/agora.xtec.cat\/ceip-jrj\/wp-content\/uploads\/usu280\/2019\/10\/IMG-20191003-WA0010-1024x916.jpg 1024w, https:\/\/agora.xtec.cat\/ceip-jrj\/wp-content\/uploads\/usu280\/2019\/10\/IMG-20191003-WA0010-300x268.jpg 300w, https:\/\/agora.xtec.cat\/ceip-jrj\/wp-content\/uploads\/usu280\/2019\/10\/IMG-20191003-WA0010-768x687.jpg 768w\" sizes=\"auto, (max-width: 342px) 100vw, 342px\" \/><\/a><figcaption class=\"wp-caption-text\">Refracci\u00f3 de la llum (F\u00edsica)<\/figcaption><\/figure>\n<p lang=\"ca-ES\" align=\"center\">\n<figure class=\"figure wp-caption aligncenter\"><a href=\"https:\/\/agora.xtec.cat\/ceip-jrj\/wp-content\/uploads\/usu280\/2019\/10\/IMG-20191017-WA0013-copia.jpg\"><img loading=\"lazy\" decoding=\"async\" class=\"wp-image-2638\" src=\"https:\/\/agora.xtec.cat\/ceip-jrj\/wp-content\/uploads\/usu280\/2019\/10\/IMG-20191017-WA0013-copia-1024x408.jpg\" alt=\"\" width=\"509\" height=\"203\" srcset=\"https:\/\/agora.xtec.cat\/ceip-jrj\/wp-content\/uploads\/usu280\/2019\/10\/IMG-20191017-WA0013-copia-1024x408.jpg 1024w, https:\/\/agora.xtec.cat\/ceip-jrj\/wp-content\/uploads\/usu280\/2019\/10\/IMG-20191017-WA0013-copia-300x119.jpg 300w, https:\/\/agora.xtec.cat\/ceip-jrj\/wp-content\/uploads\/usu280\/2019\/10\/IMG-20191017-WA0013-copia-768x306.jpg 768w\" sizes=\"auto, (max-width: 509px) 100vw, 509px\" \/><\/a><figcaption class=\"wp-caption-text\">Cristal\u00b7litzaci\u00f3 salada (Qu\u00edmica)<\/figcaption><\/figure>\n<p lang=\"ca-ES\" align=\"center\">\n<figure class=\"figure wp-caption aligncenter\"><a href=\"https:\/\/agora.xtec.cat\/ceip-jrj\/wp-content\/uploads\/usu280\/2019\/10\/IMG-20191017-WA0008-copia.jpg\"><img loading=\"lazy\" decoding=\"async\" class=\"wp-image-2639\" src=\"https:\/\/agora.xtec.cat\/ceip-jrj\/wp-content\/uploads\/usu280\/2019\/10\/IMG-20191017-WA0008-copia-1024x931.jpg\" alt=\"\" width=\"358\" height=\"326\" srcset=\"https:\/\/agora.xtec.cat\/ceip-jrj\/wp-content\/uploads\/usu280\/2019\/10\/IMG-20191017-WA0008-copia-1024x931.jpg 1024w, https:\/\/agora.xtec.cat\/ceip-jrj\/wp-content\/uploads\/usu280\/2019\/10\/IMG-20191017-WA0008-copia-300x273.jpg 300w, https:\/\/agora.xtec.cat\/ceip-jrj\/wp-content\/uploads\/usu280\/2019\/10\/IMG-20191017-WA0008-copia-768x698.jpg 768w\" sizes=\"auto, (max-width: 358px) 100vw, 358px\" \/><\/a><figcaption class=\"wp-caption-text\">Pintura centr\u00edfuga (F\u00edsica)<\/figcaption><\/figure>\n<p lang=\"ca-ES\" align=\"center\">\n<figure class=\"figure wp-caption aligncenter\"><a href=\"https:\/\/agora.xtec.cat\/ceip-jrj\/wp-content\/uploads\/usu280\/2019\/10\/IMG-20191107-WA0011-1.jpg\"><img loading=\"lazy\" decoding=\"async\" class=\"wp-image-2691\" src=\"https:\/\/agora.xtec.cat\/ceip-jrj\/wp-content\/uploads\/usu280\/2019\/10\/IMG-20191107-WA0011-1-1024x982.jpg\" alt=\"\" width=\"230\" height=\"220\" srcset=\"https:\/\/agora.xtec.cat\/ceip-jrj\/wp-content\/uploads\/usu280\/2019\/10\/IMG-20191107-WA0011-1-1024x982.jpg 1024w, https:\/\/agora.xtec.cat\/ceip-jrj\/wp-content\/uploads\/usu280\/2019\/10\/IMG-20191107-WA0011-1-300x288.jpg 300w, https:\/\/agora.xtec.cat\/ceip-jrj\/wp-content\/uploads\/usu280\/2019\/10\/IMG-20191107-WA0011-1-768x737.jpg 768w, https:\/\/agora.xtec.cat\/ceip-jrj\/wp-content\/uploads\/usu280\/2019\/10\/IMG-20191107-WA0011-1.jpg 1572w\" sizes=\"auto, (max-width: 230px) 100vw, 230px\" \/><\/a><figcaption class=\"wp-caption-text\">Refracci\u00f3 de la llum (F\u00edsica)<\/figcaption><\/figure>\n<p lang=\"ca-ES\" align=\"center\">\n<figure class=\"figure wp-caption aligncenter\"><a href=\"https:\/\/agora.xtec.cat\/ceip-jrj\/wp-content\/uploads\/usu280\/2019\/10\/IMG-20191108-WA0006-c\u00f2pia.jpg\"><img loading=\"lazy\" decoding=\"async\" class=\"wp-image-2693\" src=\"https:\/\/agora.xtec.cat\/ceip-jrj\/wp-content\/uploads\/usu280\/2019\/10\/IMG-20191108-WA0006-c\u00f2pia-1024x595.jpg\" alt=\"\" width=\"365\" height=\"212\" srcset=\"https:\/\/agora.xtec.cat\/ceip-jrj\/wp-content\/uploads\/usu280\/2019\/10\/IMG-20191108-WA0006-c\u00f2pia-1024x595.jpg 1024w, https:\/\/agora.xtec.cat\/ceip-jrj\/wp-content\/uploads\/usu280\/2019\/10\/IMG-20191108-WA0006-c\u00f2pia-300x174.jpg 300w, https:\/\/agora.xtec.cat\/ceip-jrj\/wp-content\/uploads\/usu280\/2019\/10\/IMG-20191108-WA0006-c\u00f2pia-768x446.jpg 768w\" sizes=\"auto, (max-width: 365px) 100vw, 365px\" \/><\/a><figcaption class=\"wp-caption-text\">Pressi\u00f3 atmosf\u00e8rica (Qu\u00edmica)<\/figcaption><\/figure>\n<p lang=\"ca-ES\" align=\"center\">\n<figure class=\"figure wp-caption aligncenter\"><a href=\"https:\/\/agora.xtec.cat\/ceip-jrj\/wp-content\/uploads\/usu280\/2019\/10\/2n.png\"><img loading=\"lazy\" decoding=\"async\" class=\"wp-image-2729\" src=\"https:\/\/agora.xtec.cat\/ceip-jrj\/wp-content\/uploads\/usu280\/2019\/10\/2n.png\" alt=\"\" width=\"362\" height=\"362\" srcset=\"https:\/\/agora.xtec.cat\/ceip-jrj\/wp-content\/uploads\/usu280\/2019\/10\/2n.png 1024w, https:\/\/agora.xtec.cat\/ceip-jrj\/wp-content\/uploads\/usu280\/2019\/10\/2n-150x150.png 150w, https:\/\/agora.xtec.cat\/ceip-jrj\/wp-content\/uploads\/usu280\/2019\/10\/2n-300x300.png 300w, https:\/\/agora.xtec.cat\/ceip-jrj\/wp-content\/uploads\/usu280\/2019\/10\/2n-768x768.png 768w\" sizes=\"auto, (max-width: 362px) 100vw, 362px\" \/><\/a><figcaption class=\"wp-caption-text\">Tensi\u00f3 superficial i Composici\u00f3 del sab\u00f3 i la llet ( F\u00edsica i Qu\u00edmica)<\/figcaption><\/figure>\n<p lang=\"ca-ES\" align=\"center\">\n<figure class=\"figure wp-caption aligncenter\"><a href=\"https:\/\/agora.xtec.cat\/ceip-jrj\/wp-content\/uploads\/usu280\/2019\/10\/PicsArt_11-22-06.17.43.png\"><img loading=\"lazy\" decoding=\"async\" class=\"wp-image-2750\" src=\"https:\/\/agora.xtec.cat\/ceip-jrj\/wp-content\/uploads\/usu280\/2019\/10\/PicsArt_11-22-06.17.43.png\" alt=\"\" width=\"372\" height=\"372\" srcset=\"https:\/\/agora.xtec.cat\/ceip-jrj\/wp-content\/uploads\/usu280\/2019\/10\/PicsArt_11-22-06.17.43.png 1024w, https:\/\/agora.xtec.cat\/ceip-jrj\/wp-content\/uploads\/usu280\/2019\/10\/PicsArt_11-22-06.17.43-150x150.png 150w, https:\/\/agora.xtec.cat\/ceip-jrj\/wp-content\/uploads\/usu280\/2019\/10\/PicsArt_11-22-06.17.43-300x300.png 300w, https:\/\/agora.xtec.cat\/ceip-jrj\/wp-content\/uploads\/usu280\/2019\/10\/PicsArt_11-22-06.17.43-768x768.png 768w\" sizes=\"auto, (max-width: 372px) 100vw, 372px\" \/><\/a><figcaption class=\"wp-caption-text\">Tinta invisible (Qu\u00edmica)<\/figcaption><\/figure>\n","protected":false},"excerpt":{"rendered":"<p>Eiii que els nens i les nenes de 2n ja hem engegat els nostres Tallers d\u2019Experimentaci\u00f3!<br \/>\nUs anirem penjant en la web les fotografies dels experiments que m\u00e9s ens han agradat. Preneu bona nota perqu\u00e8 aquest curs participarem en el 6\u00e8 Congr\u00e9s de Ci\u00e8ncia a l\u2019escola.<br \/>\n<a&hellip;  <a href=\"https:\/\/agora.xtec.cat\/ceip-jrj\/general\/tallers-dexperiments-a-2n\/\" title=\"Read TALLERS D&#8217;EXPERIMENTS A 2n\">Llegeix m\u00e9s\u00bb<\/a><\/p>\n","protected":false},"author":1,"featured_media":2598,"comment_status":"closed","ping_status":"closed","sticky":false,"template":"","format":"standard","meta":{"_bbp_topic_count":0,"_bbp_reply_count":0,"_bbp_total_topic_count":0,"_bbp_total_reply_count":0,"_bbp_voice_count":0,"_bbp_anonymous_reply_count":0,"_bbp_topic_count_hidden":0,"_bbp_reply_count_hidden":0,"_bbp_forum_subforum_count":0,"footnotes":""},"categories":[10,11,1,4,5],"tags":[],"class_list":["post-2595","post","type-post","status-publish","format-standard","has-post-thumbnail","hentry","category-1r","category-2n","category-general","category-portada","category-primaria"],"post_mailing_queue_ids":[],"_links":{"self":[{"href":"https:\/\/agora.xtec.cat\/ceip-jrj\/wp-json\/wp\/v2\/posts\/2595","targetHints":{"allow":["GET"]}}],"collection":[{"href":"https:\/\/agora.xtec.cat\/ceip-jrj\/wp-json\/wp\/v2\/posts"}],"about":[{"href":"https:\/\/agora.xtec.cat\/ceip-jrj\/wp-json\/wp\/v2\/types\/post"}],"author":[{"embeddable":true,"href":"https:\/\/agora.xtec.cat\/ceip-jrj\/wp-json\/wp\/v2\/users\/1"}],"replies":[{"embeddable":true,"href":"https:\/\/agora.xtec.cat\/ceip-jrj\/wp-json\/wp\/v2\/comments?post=2595"}],"version-history":[{"count":3,"href":"https:\/\/agora.xtec.cat\/ceip-jrj\/wp-json\/wp\/v2\/posts\/2595\/revisions"}],"predecessor-version":[{"id":2751,"href":"https:\/\/agora.xtec.cat\/ceip-jrj\/wp-json\/wp\/v2\/posts\/2595\/revisions\/2751"}],"wp:featuredmedia":[{"embeddable":true,"href":"https:\/\/agora.xtec.cat\/ceip-jrj\/wp-json\/wp\/v2\/media\/2598"}],"wp:attachment":[{"href":"https:\/\/agora.xtec.cat\/ceip-jrj\/wp-json\/wp\/v2\/media?parent=2595"}],"wp:term":[{"taxonomy":"category","embeddable":true,"href":"https:\/\/agora.xtec.cat\/ceip-jrj\/wp-json\/wp\/v2\/categories?post=2595"},{"taxonomy":"post_tag","embeddable":true,"href":"https:\/\/agora.xtec.cat\/ceip-jrj\/wp-json\/wp\/v2\/tags?post=2595"}],"curies":[{"name":"wp","href":"https:\/\/api.w.org\/{rel}","templated":true}]}}