{"id":2582,"date":"2019-10-04T11:28:04","date_gmt":"2019-10-04T09:28:04","guid":{"rendered":"http:\/\/agora.xtec.cat\/ceip-jrj\/?p=2582"},"modified":"2019-10-13T19:37:52","modified_gmt":"2019-10-13T17:37:52","slug":"delegades-i-delegats-2019-2020","status":"publish","type":"post","link":"https:\/\/agora.xtec.cat\/ceip-jrj\/general\/delegades-i-delegats-2019-2020\/","title":{"rendered":"DELEGADES I DELEGATS 2019-2020"},"content":{"rendered":"<h5 style=\"text-align: justify;\">Com ja va sent habitual, avui s&#8217;ha fet la primera trobada de delegats i delegades de prim\u00e0ria. La trobada d&#8217;avui ha consistit en una sessi\u00f3 de fotos molt divertida i en la presentaci\u00f3 a totes les classes de prim\u00e0ria. Tots junts fan un equip molt eixerit!<\/h5>\n<p><a href=\"https:\/\/agora.xtec.cat\/ceip-jrj\/wp-content\/uploads\/usu280\/2019\/10\/Img-1131.jpg\"><img loading=\"lazy\" decoding=\"async\" class=\"wp-image-2586 size-medium alignleft\" src=\"https:\/\/agora.xtec.cat\/ceip-jrj\/wp-content\/uploads\/usu280\/2019\/10\/Img-1131-300x225.jpg\" alt=\"\" width=\"300\" height=\"225\" srcset=\"https:\/\/agora.xtec.cat\/ceip-jrj\/wp-content\/uploads\/usu280\/2019\/10\/Img-1131-300x225.jpg 300w, https:\/\/agora.xtec.cat\/ceip-jrj\/wp-content\/uploads\/usu280\/2019\/10\/Img-1131-768x576.jpg 768w, https:\/\/agora.xtec.cat\/ceip-jrj\/wp-content\/uploads\/usu280\/2019\/10\/Img-1131-1024x768.jpg 1024w, https:\/\/agora.xtec.cat\/ceip-jrj\/wp-content\/uploads\/usu280\/2019\/10\/Img-1131-200x150.jpg 200w\" sizes=\"auto, (max-width: 300px) 100vw, 300px\" \/><\/a><\/p>\n<h5 style=\"text-align: left;\">Delegada de 1rA: Ainhoa<\/h5>\n<h5 style=\"text-align: left;\">Delegada de 1rB: Alba<\/h5>\n<h5 style=\"text-align: left;\">Delegat de 2nA: Pau<\/h5>\n<h5 style=\"text-align: left;\">Delegat de 2nB: Mart\u00ed<\/h5>\n<h5 style=\"text-align: left;\">Delegada de 3rA: Ana L\u00eda<\/h5>\n<h5 style=\"text-align: left;\">Delegada de 3rB: Blanca<\/h5>\n<h5 style=\"text-align: left;\">Delegat de 4tA: Benjamin<\/h5>\n<h5>Delegat de 4tB: <a href=\"https:\/\/agora.xtec.cat\/ceip-jrj\/wp-content\/uploads\/usu280\/2019\/10\/Img-1124.jpg\"><img loading=\"lazy\" decoding=\"async\" class=\"wp-image-2585 size-medium alignleft\" src=\"https:\/\/agora.xtec.cat\/ceip-jrj\/wp-content\/uploads\/usu280\/2019\/10\/Img-1124-225x300.jpg\" alt=\"\" width=\"225\" height=\"300\" srcset=\"https:\/\/agora.xtec.cat\/ceip-jrj\/wp-content\/uploads\/usu280\/2019\/10\/Img-1124-225x300.jpg 225w, https:\/\/agora.xtec.cat\/ceip-jrj\/wp-content\/uploads\/usu280\/2019\/10\/Img-1124-768x1024.jpg 768w\" sizes=\"auto, (max-width: 225px) 100vw, 225px\" \/><\/a><\/h5>\n<h5>Delegada de 5\u00e8A: Anna<\/h5>\n<h5>Delegat de 5\u00e8B: Pau<\/h5>\n<h5>Delegat de 6\u00e8A: Pol<\/h5>\n<h5>Delegat de 6\u00e8B: Emmanuel<\/h5>\n<p>&nbsp;<\/p>\n<p>&nbsp;<\/p>\n<p>&nbsp;<\/p>\n<p>&nbsp;<\/p>\n<p><a href=\"https:\/\/agora.xtec.cat\/ceip-jrj\/wp-content\/uploads\/usu280\/2019\/10\/collage.jpg\"><img loading=\"lazy\" decoding=\"async\" class=\"alignnone size-large wp-image-2601\" src=\"https:\/\/agora.xtec.cat\/ceip-jrj\/wp-content\/uploads\/usu280\/2019\/10\/collage-1024x768.jpg\" alt=\"\" width=\"1024\" height=\"768\" srcset=\"https:\/\/agora.xtec.cat\/ceip-jrj\/wp-content\/uploads\/usu280\/2019\/10\/collage.jpg 1024w, https:\/\/agora.xtec.cat\/ceip-jrj\/wp-content\/uploads\/usu280\/2019\/10\/collage-300x225.jpg 300w, https:\/\/agora.xtec.cat\/ceip-jrj\/wp-content\/uploads\/usu280\/2019\/10\/collage-768x576.jpg 768w, https:\/\/agora.xtec.cat\/ceip-jrj\/wp-content\/uploads\/usu280\/2019\/10\/collage-200x150.jpg 200w\" sizes=\"auto, (max-width: 1024px) 100vw, 1024px\" \/><\/a><\/p>\n","protected":false},"excerpt":{"rendered":"<p>Com ja va sent habitual, avui s&#8217;ha fet la primera trobada de delegats i delegades de prim\u00e0ria. La trobada d&#8217;avui ha consistit en una sessi\u00f3 de fotos molt divertida i en la presentaci\u00f3 a totes les classes de prim\u00e0ria. Tots junts fan un equip molt&hellip;  <a href=\"https:\/\/agora.xtec.cat\/ceip-jrj\/general\/delegades-i-delegats-2019-2020\/\" title=\"Read DELEGADES I DELEGATS 2019-2020\">Llegeix m\u00e9s\u00bb<\/a><\/p>\n","protected":false},"author":1,"featured_media":2584,"comment_status":"closed","ping_status":"closed","sticky":false,"template":"","format":"standard","meta":{"_bbp_topic_count":0,"_bbp_reply_count":0,"_bbp_total_topic_count":0,"_bbp_total_reply_count":0,"_bbp_voice_count":0,"_bbp_anonymous_reply_count":0,"_bbp_topic_count_hidden":0,"_bbp_reply_count_hidden":0,"_bbp_forum_subforum_count":0,"footnotes":""},"categories":[1,4],"tags":[],"class_list":["post-2582","post","type-post","status-publish","format-standard","has-post-thumbnail","hentry","category-general","category-portada"],"post_mailing_queue_ids":[],"_links":{"self":[{"href":"https:\/\/agora.xtec.cat\/ceip-jrj\/wp-json\/wp\/v2\/posts\/2582","targetHints":{"allow":["GET"]}}],"collection":[{"href":"https:\/\/agora.xtec.cat\/ceip-jrj\/wp-json\/wp\/v2\/posts"}],"about":[{"href":"https:\/\/agora.xtec.cat\/ceip-jrj\/wp-json\/wp\/v2\/types\/post"}],"author":[{"embeddable":true,"href":"https:\/\/agora.xtec.cat\/ceip-jrj\/wp-json\/wp\/v2\/users\/1"}],"replies":[{"embeddable":true,"href":"https:\/\/agora.xtec.cat\/ceip-jrj\/wp-json\/wp\/v2\/comments?post=2582"}],"version-history":[{"count":3,"href":"https:\/\/agora.xtec.cat\/ceip-jrj\/wp-json\/wp\/v2\/posts\/2582\/revisions"}],"predecessor-version":[{"id":2603,"href":"https:\/\/agora.xtec.cat\/ceip-jrj\/wp-json\/wp\/v2\/posts\/2582\/revisions\/2603"}],"wp:featuredmedia":[{"embeddable":true,"href":"https:\/\/agora.xtec.cat\/ceip-jrj\/wp-json\/wp\/v2\/media\/2584"}],"wp:attachment":[{"href":"https:\/\/agora.xtec.cat\/ceip-jrj\/wp-json\/wp\/v2\/media?parent=2582"}],"wp:term":[{"taxonomy":"category","embeddable":true,"href":"https:\/\/agora.xtec.cat\/ceip-jrj\/wp-json\/wp\/v2\/categories?post=2582"},{"taxonomy":"post_tag","embeddable":true,"href":"https:\/\/agora.xtec.cat\/ceip-jrj\/wp-json\/wp\/v2\/tags?post=2582"}],"curies":[{"name":"wp","href":"https:\/\/api.w.org\/{rel}","templated":true}]}}