{"id":2528,"date":"2019-09-09T10:13:02","date_gmt":"2019-09-09T08:13:02","guid":{"rendered":"http:\/\/agora.xtec.cat\/ceip-jrj\/?p=2528"},"modified":"2023-11-27T15:41:47","modified_gmt":"2023-11-27T14:41:47","slug":"representats-families-al-consell-escolar","status":"publish","type":"post","link":"https:\/\/agora.xtec.cat\/ceip-jrj\/general\/representats-families-al-consell-escolar\/","title":{"rendered":"REPRESENTANTS FAM\u00cdLIES DEL CONSELL ESCOLAR"},"content":{"rendered":"<div class=\"mceTemp\"><\/div>\n<p>&nbsp;<\/p>\n<p><a href=\"https:\/\/agora.xtec.cat\/ceip-jrj\/general\/representats-families-al-consell-escolar\/attachment\/agregar-un-titulo-1\/\" rel=\"attachment wp-att-6420\"><img loading=\"lazy\" decoding=\"async\" class=\"alignnone  wp-image-6420\" src=\"https:\/\/agora.xtec.cat\/ceip-jrj\/wp-content\/uploads\/usu280\/2019\/09\/Agregar-un-ti\u0301tulo-1.jpg\" alt=\"\" width=\"365\" height=\"258\" srcset=\"https:\/\/agora.xtec.cat\/ceip-jrj\/wp-content\/uploads\/usu280\/2019\/09\/Agregar-un-ti\u0301tulo-1.jpg 2245w, https:\/\/agora.xtec.cat\/ceip-jrj\/wp-content\/uploads\/usu280\/2019\/09\/Agregar-un-ti\u0301tulo-1-300x212.jpg 300w, https:\/\/agora.xtec.cat\/ceip-jrj\/wp-content\/uploads\/usu280\/2019\/09\/Agregar-un-ti\u0301tulo-1-1024x724.jpg 1024w, https:\/\/agora.xtec.cat\/ceip-jrj\/wp-content\/uploads\/usu280\/2019\/09\/Agregar-un-ti\u0301tulo-1-768x543.jpg 768w, https:\/\/agora.xtec.cat\/ceip-jrj\/wp-content\/uploads\/usu280\/2019\/09\/Agregar-un-ti\u0301tulo-1-1536x1086.jpg 1536w, https:\/\/agora.xtec.cat\/ceip-jrj\/wp-content\/uploads\/usu280\/2019\/09\/Agregar-un-ti\u0301tulo-1-2048x1448.jpg 2048w\" sizes=\"auto, (max-width: 365px) 100vw, 365px\" \/><\/a><\/p>\n<p>&nbsp;<\/p>\n<p>Els professionals dels centres i les fam\u00edlies compartim un objectiu:\u00a0l&#8217;\u00e8xit social i personal dels fills. Les decisions que es prenen al consell escolar s\u00f3n claus\u00a0per al funcionament i la millora del centre i, per tant, tamb\u00e9 per a l&#8217;\u00e8xit educatiu de tots els alumnes.<\/p>\n<p>\u00c9s per aquest motiu que la participaci\u00f3 i implicaci\u00f3 dels pares i mares al consell escolar \u00e9s tan important. El fet de poder tenir canals per poder fer arribar la vostra veu en temes que us poden preocupar \u00e9s una manera de participar de manera democr\u00e0tica en l\u2019organitzaci\u00f3 de centre.<\/p>\n<p><strong>Aquest \u00e9s l\u2019objectiu que pretenem amb aquest correu electr\u00f2nic: la comunicaci\u00f3 directa amb els vostres representants al consell escolar que facin d\u2019altaveu de les vostres opinions, suggeriments, neguits, etc.<\/strong><\/p>\n<h3 style=\"text-align: center;\">consellescolarfamilies@jrjmartorell.com<\/h3>\n<p>Els representants de pares i mares de l\u2019actual consell escolar, despr\u00e9s de les eleccions del passat curs s\u00f3n:<\/p>\n<p><strong>Eva S\u00e1nchez P\u00e9rez<\/strong><\/p>\n<p><strong>Oscar Besa Garc\u00eda<\/strong><\/p>\n<p><strong>Javier Acu\u00f1a Tecitor<\/strong><\/p>\n<p><strong>Javier Moyano Orellana<\/strong><\/p>\n<p>Tot seguit, us detallem les funcions del consell escolar:<\/p>\n<ul>\n<li>Participar en l&#8217;aprovaci\u00f3 del projecte educatiu i les seves modificacions. El consell escolar ha de ser consultat pel director de manera preceptiva per valorar la proposta del projecte educatiu i manifestar el seu suport amb una majoria de les tres cinquenes parts dels membres.<\/li>\n<li>Participar en l&#8217;aprovaci\u00f3 de la programaci\u00f3 general anual, de les normes de funcionament i de la gesti\u00f3 econ\u00f2mica del centre. El consell escolar ha de ser consultat de manera preceptiva per valorar cada una de les propostes i manifestar el seu suport per majoria simple dels membres.<\/li>\n<li>Avaluar l&#8217;aplicaci\u00f3 del projecte educatiu i de les seves modificacions aix\u00ed com de la resta de documents de gesti\u00f3 del centre.<\/li>\n<li>Aprovar les propostes d&#8217;acords de coresponsabilitat, convenis i altres acords de col\u00b7laboraci\u00f3 del centre amb entitats i institucions.<\/li>\n<li>Intervenir en el procediment d&#8217;admissi\u00f3 d&#8217;alumnes.<\/li>\n<li>Participar en el procediment de selecci\u00f3 i en la proposta de cessament del director o directora.<\/li>\n<li>Intervenir en la resoluci\u00f3 dels conflictes i, si escau, revisar les sancions als alumnes.<\/li>\n<li>Aprovar les directrius per a la programaci\u00f3 d&#8217;activitats escolars complement\u00e0ries i d&#8217;activitats extraescolars, i avaluar-ne el desenvolupament.<\/li>\n<li>Participar en les an\u00e0lisis i les avaluacions del funcionament general del centre i con\u00e8ixer l&#8217;evoluci\u00f3 del rendiment escolar.<\/li>\n<li>Aprovar els criteris de col\u00b7laboraci\u00f3 amb altres centres i amb l&#8217;entorn.<\/li>\n<li>Qualsevol altre que li sigui atribu\u00efda per les normes legals o reglament\u00e0ries.<\/li>\n<\/ul>\n","protected":false},"excerpt":{"rendered":"<p>&nbsp;<br \/>\n<a href=\"https:\/\/agora.xtec.cat\/ceip-jrj\/general\/representats-families-al-consell-escolar\/attachment\/agregar-un-titulo-1\/\" rel=\"attachment wp-att-6420\"><\/a><br \/>\n&nbsp;<br \/>\nEls professionals dels centres i les fam\u00edlies compartim un objectiu:\u00a0l&#8217;\u00e8xit social i personal dels fills. Les decisions que es prenen al consell escolar s\u00f3n claus\u00a0per al funcionament i la millora del centre i, per tant, tamb\u00e9 per a l&#8217;\u00e8xit educatiu de tots&hellip;  <a href=\"https:\/\/agora.xtec.cat\/ceip-jrj\/general\/representats-families-al-consell-escolar\/\" title=\"Read REPRESENTANTS FAM\u00cdLIES DEL CONSELL ESCOLAR\">Llegeix m\u00e9s\u00bb<\/a><\/p>\n","protected":false},"author":1,"featured_media":2533,"comment_status":"closed","ping_status":"closed","sticky":false,"template":"","format":"standard","meta":{"_bbp_topic_count":0,"_bbp_reply_count":0,"_bbp_total_topic_count":0,"_bbp_total_reply_count":0,"_bbp_voice_count":0,"_bbp_anonymous_reply_count":0,"_bbp_topic_count_hidden":0,"_bbp_reply_count_hidden":0,"_bbp_forum_subforum_count":0,"footnotes":""},"categories":[1,4],"tags":[],"class_list":["post-2528","post","type-post","status-publish","format-standard","has-post-thumbnail","hentry","category-general","category-portada"],"post_mailing_queue_ids":[],"_links":{"self":[{"href":"https:\/\/agora.xtec.cat\/ceip-jrj\/wp-json\/wp\/v2\/posts\/2528","targetHints":{"allow":["GET"]}}],"collection":[{"href":"https:\/\/agora.xtec.cat\/ceip-jrj\/wp-json\/wp\/v2\/posts"}],"about":[{"href":"https:\/\/agora.xtec.cat\/ceip-jrj\/wp-json\/wp\/v2\/types\/post"}],"author":[{"embeddable":true,"href":"https:\/\/agora.xtec.cat\/ceip-jrj\/wp-json\/wp\/v2\/users\/1"}],"replies":[{"embeddable":true,"href":"https:\/\/agora.xtec.cat\/ceip-jrj\/wp-json\/wp\/v2\/comments?post=2528"}],"version-history":[{"count":5,"href":"https:\/\/agora.xtec.cat\/ceip-jrj\/wp-json\/wp\/v2\/posts\/2528\/revisions"}],"predecessor-version":[{"id":6421,"href":"https:\/\/agora.xtec.cat\/ceip-jrj\/wp-json\/wp\/v2\/posts\/2528\/revisions\/6421"}],"wp:featuredmedia":[{"embeddable":true,"href":"https:\/\/agora.xtec.cat\/ceip-jrj\/wp-json\/wp\/v2\/media\/2533"}],"wp:attachment":[{"href":"https:\/\/agora.xtec.cat\/ceip-jrj\/wp-json\/wp\/v2\/media?parent=2528"}],"wp:term":[{"taxonomy":"category","embeddable":true,"href":"https:\/\/agora.xtec.cat\/ceip-jrj\/wp-json\/wp\/v2\/categories?post=2528"},{"taxonomy":"post_tag","embeddable":true,"href":"https:\/\/agora.xtec.cat\/ceip-jrj\/wp-json\/wp\/v2\/tags?post=2528"}],"curies":[{"name":"wp","href":"https:\/\/api.w.org\/{rel}","templated":true}]}}