{"id":2519,"date":"2019-09-06T09:31:53","date_gmt":"2019-09-06T07:31:53","guid":{"rendered":"http:\/\/agora.xtec.cat\/ceip-jrj\/?p=2519"},"modified":"2019-09-06T09:39:10","modified_gmt":"2019-09-06T07:39:10","slug":"xviii-jornada-dintercanvi-dexperiencies-pedagogiques","status":"publish","type":"post","link":"https:\/\/agora.xtec.cat\/ceip-jrj\/general\/xviii-jornada-dintercanvi-dexperiencies-pedagogiques\/","title":{"rendered":"XVIII JORNADA D&#8217;INTERCANVI D&#8217;EXPERI\u00c8NCIES PEDAG\u00d2GIQUES"},"content":{"rendered":"<p style=\"text-align: justify;\">En iniciar el curs 2019-2020 la nostra escola ha participat en aquestes trobades per a mestres presentant una experi\u00e8ncia que girava al voltant de l&#8217;eix &#8220;El pati, un espai de relaci\u00f3 i aprenentatge&#8221;.<\/p>\n<p style=\"text-align: justify;\">La pon\u00e8ncia presentada per la directora, \u00c0ngels Saborit; la cap d&#8217;estudis, Montse Sansano, i el coordinador del cicle superior, Iban Porta duia per t\u00edtol &#8220;Conviv\u00e8ncia Staff, o de com els mestres prenen el Sol al pati&#8221;.<\/p>\n<p style=\"text-align: justify;\">S&#8217;ha utilitzat aquesta denominaci\u00f3 per explicar com s&#8217;ha donat poder a l&#8217;alumnat perqu\u00e8 comenci a prendre partit en la resoluci\u00f3 dels conflictes que sorgeixen durant l&#8217;hora d&#8217;esbarjo i millorar la conviv\u00e8ncia al centre. Un grup d&#8217;alumnes de 5\u00e8 i 6\u00e8 han esdevingut clau perqu\u00e8 el professorat el centre visqui un pati &#8220;en pau&#8221;.<\/p>\n<p>Aqu\u00ed podeu veure la presentaci\u00f3:<\/p>\n<div><\/div>\n<div>\n<div style=\"width: 100%;\">\n<div style=\"position: relative; padding-bottom: 56.25%; padding-top: 0; height: 0;\"><iframe loading=\"lazy\" style=\"position: absolute; top: 0; left: 0; width: 100%; height: 100%;\" src=\"https:\/\/view.genial.ly\/5d1b151f49900d0f6d5aed35\" width=\"1200px\" height=\"675px\" frameborder=\"0\" scrolling=\"yes\" allowfullscreen=\"allowfullscreen\"><\/iframe><\/div>\n<\/div>\n<\/div>\n","protected":false},"excerpt":{"rendered":"<p>En iniciar el curs 2019-2020 la nostra escola ha participat en aquestes trobades per a mestres presentant una experi\u00e8ncia que girava al voltant de l&#8217;eix &#8220;El pati, un espai de relaci\u00f3 i aprenentatge&#8221;.<br \/>\nLa pon\u00e8ncia presentada per la directora, \u00c0ngels Saborit; la cap d&#8217;estudis, Montse Sansano,&hellip;  <a href=\"https:\/\/agora.xtec.cat\/ceip-jrj\/general\/xviii-jornada-dintercanvi-dexperiencies-pedagogiques\/\" title=\"Read XVIII JORNADA D&#8217;INTERCANVI D&#8217;EXPERI\u00c8NCIES PEDAG\u00d2GIQUES\">Llegeix m\u00e9s\u00bb<\/a><\/p>\n","protected":false},"author":1,"featured_media":2520,"comment_status":"closed","ping_status":"closed","sticky":false,"template":"","format":"standard","meta":{"_bbp_topic_count":0,"_bbp_reply_count":0,"_bbp_total_topic_count":0,"_bbp_total_reply_count":0,"_bbp_voice_count":0,"_bbp_anonymous_reply_count":0,"_bbp_topic_count_hidden":0,"_bbp_reply_count_hidden":0,"_bbp_forum_subforum_count":0,"footnotes":""},"categories":[54,1,4],"tags":[],"class_list":["post-2519","post","type-post","status-publish","format-standard","has-post-thumbnail","hentry","category-espai-pedagogic-jrj","category-general","category-portada"],"post_mailing_queue_ids":[],"_links":{"self":[{"href":"https:\/\/agora.xtec.cat\/ceip-jrj\/wp-json\/wp\/v2\/posts\/2519","targetHints":{"allow":["GET"]}}],"collection":[{"href":"https:\/\/agora.xtec.cat\/ceip-jrj\/wp-json\/wp\/v2\/posts"}],"about":[{"href":"https:\/\/agora.xtec.cat\/ceip-jrj\/wp-json\/wp\/v2\/types\/post"}],"author":[{"embeddable":true,"href":"https:\/\/agora.xtec.cat\/ceip-jrj\/wp-json\/wp\/v2\/users\/1"}],"replies":[{"embeddable":true,"href":"https:\/\/agora.xtec.cat\/ceip-jrj\/wp-json\/wp\/v2\/comments?post=2519"}],"version-history":[{"count":3,"href":"https:\/\/agora.xtec.cat\/ceip-jrj\/wp-json\/wp\/v2\/posts\/2519\/revisions"}],"predecessor-version":[{"id":2524,"href":"https:\/\/agora.xtec.cat\/ceip-jrj\/wp-json\/wp\/v2\/posts\/2519\/revisions\/2524"}],"wp:featuredmedia":[{"embeddable":true,"href":"https:\/\/agora.xtec.cat\/ceip-jrj\/wp-json\/wp\/v2\/media\/2520"}],"wp:attachment":[{"href":"https:\/\/agora.xtec.cat\/ceip-jrj\/wp-json\/wp\/v2\/media?parent=2519"}],"wp:term":[{"taxonomy":"category","embeddable":true,"href":"https:\/\/agora.xtec.cat\/ceip-jrj\/wp-json\/wp\/v2\/categories?post=2519"},{"taxonomy":"post_tag","embeddable":true,"href":"https:\/\/agora.xtec.cat\/ceip-jrj\/wp-json\/wp\/v2\/tags?post=2519"}],"curies":[{"name":"wp","href":"https:\/\/api.w.org\/{rel}","templated":true}]}}