{"id":2463,"date":"2019-06-06T13:28:36","date_gmt":"2019-06-06T11:28:36","guid":{"rendered":"http:\/\/agora.xtec.cat\/ceip-jrj\/?p=2463"},"modified":"2019-06-06T13:28:47","modified_gmt":"2019-06-06T11:28:47","slug":"p4-a-can-fusteret","status":"publish","type":"post","link":"https:\/\/agora.xtec.cat\/ceip-jrj\/general\/p4-a-can-fusteret\/","title":{"rendered":"P4 A CAN FUSTERET"},"content":{"rendered":"<p>El passat divendres 24 de maig, els nens i nenes de\u00a0P4\u00a0vam anar tots junts a Can Fusteret (a l&#8217;Ametlla\u00a0del\u00a0Vall\u00e8s) a descobrir el m\u00f3n del vidre. Vam poder fer una activitat molt art\u00edstica. En una base petita de vidre vam enganxar bocins de vidre de coloraines, que pr\u00e8viament hav\u00edem trencat tots junts. Cadasc\u00fa va fer el seu propi disseny i van anar sortint decoracions precioses. Encara que va ser un dia pluj\u00f3s ens ho vam passar d&#8217;all\u00f2 m\u00e9s b\u00e9!<\/p>\n<p><a href=\"https:\/\/photos.app.goo.gl\/kxRwmZx3oysHKmSj8\">Cliqueu aqu\u00ed per veure les fotos!<\/a><\/p>\n","protected":false},"excerpt":{"rendered":"<p>El passat divendres 24 de maig, els nens i nenes de\u00a0P4\u00a0vam anar tots junts a Can Fusteret (a l&#8217;Ametlla\u00a0del\u00a0Vall\u00e8s) a descobrir el m\u00f3n del vidre. Vam poder fer una activitat molt art\u00edstica. En una base petita de vidre vam enganxar bocins de vidre de coloraines,&hellip;  <a href=\"https:\/\/agora.xtec.cat\/ceip-jrj\/general\/p4-a-can-fusteret\/\" title=\"Read P4 A CAN FUSTERET\">Llegeix m\u00e9s\u00bb<\/a><\/p>\n","protected":false},"author":1,"featured_media":2464,"comment_status":"closed","ping_status":"closed","sticky":false,"template":"","format":"standard","meta":{"_bbp_topic_count":0,"_bbp_reply_count":0,"_bbp_total_topic_count":0,"_bbp_total_reply_count":0,"_bbp_voice_count":0,"_bbp_anonymous_reply_count":0,"_bbp_topic_count_hidden":0,"_bbp_reply_count_hidden":0,"_bbp_forum_subforum_count":0,"footnotes":""},"categories":[1,2,8,4],"tags":[],"class_list":["post-2463","post","type-post","status-publish","format-standard","has-post-thumbnail","hentry","category-general","category-infantil","category-p4","category-portada"],"post_mailing_queue_ids":[],"_links":{"self":[{"href":"https:\/\/agora.xtec.cat\/ceip-jrj\/wp-json\/wp\/v2\/posts\/2463","targetHints":{"allow":["GET"]}}],"collection":[{"href":"https:\/\/agora.xtec.cat\/ceip-jrj\/wp-json\/wp\/v2\/posts"}],"about":[{"href":"https:\/\/agora.xtec.cat\/ceip-jrj\/wp-json\/wp\/v2\/types\/post"}],"author":[{"embeddable":true,"href":"https:\/\/agora.xtec.cat\/ceip-jrj\/wp-json\/wp\/v2\/users\/1"}],"replies":[{"embeddable":true,"href":"https:\/\/agora.xtec.cat\/ceip-jrj\/wp-json\/wp\/v2\/comments?post=2463"}],"version-history":[{"count":1,"href":"https:\/\/agora.xtec.cat\/ceip-jrj\/wp-json\/wp\/v2\/posts\/2463\/revisions"}],"predecessor-version":[{"id":2465,"href":"https:\/\/agora.xtec.cat\/ceip-jrj\/wp-json\/wp\/v2\/posts\/2463\/revisions\/2465"}],"wp:featuredmedia":[{"embeddable":true,"href":"https:\/\/agora.xtec.cat\/ceip-jrj\/wp-json\/wp\/v2\/media\/2464"}],"wp:attachment":[{"href":"https:\/\/agora.xtec.cat\/ceip-jrj\/wp-json\/wp\/v2\/media?parent=2463"}],"wp:term":[{"taxonomy":"category","embeddable":true,"href":"https:\/\/agora.xtec.cat\/ceip-jrj\/wp-json\/wp\/v2\/categories?post=2463"},{"taxonomy":"post_tag","embeddable":true,"href":"https:\/\/agora.xtec.cat\/ceip-jrj\/wp-json\/wp\/v2\/tags?post=2463"}],"curies":[{"name":"wp","href":"https:\/\/api.w.org\/{rel}","templated":true}]}}