{"id":2419,"date":"2019-05-24T13:05:28","date_gmt":"2019-05-24T11:05:28","guid":{"rendered":"http:\/\/agora.xtec.cat\/ceip-jrj\/?p=2419"},"modified":"2019-05-24T13:10:23","modified_gmt":"2019-05-24T11:10:23","slug":"dinem-plegats","status":"publish","type":"post","link":"https:\/\/agora.xtec.cat\/ceip-jrj\/general\/dinem-plegats\/","title":{"rendered":"DINEM PLEGATS"},"content":{"rendered":"<p style=\"text-align: justify;\">Com ja ve sent habitual, i per gentilesa de l&#8217;empresa que s&#8217;encarrega del menjador &#8220;Agora Catering S.L.&#8221; contractada a trav\u00e9s de l&#8217;AMPA de l&#8217;escola, ha convidat a dinar a les fam\u00edlies de l&#8217;alumnat que fan \u00fas d&#8217;aquest servei de forma cont\u00ednua.<\/p>\n<p>Durant tot el mes de maig s&#8217;han habilitat uns dies perqu\u00e8 les fam\u00edlies amb els seus fills i filles poguessin gaudir d&#8217;un \u00e0pat plegats al menjador de l&#8217;escola. A m\u00e9s a m\u00e9s, despr\u00e9s de dinar, moltes fam\u00edlies tamb\u00e9 han aprofitat el moment d&#8217;esbarjo per jugar a futbol o a d&#8217;altres entreteniments.<\/p>\n<p><a href=\"https:\/\/agora.xtec.cat\/ceip-jrj\/wp-content\/uploads\/usu280\/2019\/05\/IMG-0796.jpg\"><img loading=\"lazy\" decoding=\"async\" class=\"alignnone size-large wp-image-2421\" src=\"https:\/\/agora.xtec.cat\/ceip-jrj\/wp-content\/uploads\/usu280\/2019\/05\/IMG-0796-1024x768.jpg\" alt=\"\" width=\"1024\" height=\"768\" srcset=\"https:\/\/agora.xtec.cat\/ceip-jrj\/wp-content\/uploads\/usu280\/2019\/05\/IMG-0796.jpg 1024w, https:\/\/agora.xtec.cat\/ceip-jrj\/wp-content\/uploads\/usu280\/2019\/05\/IMG-0796-300x225.jpg 300w, https:\/\/agora.xtec.cat\/ceip-jrj\/wp-content\/uploads\/usu280\/2019\/05\/IMG-0796-768x576.jpg 768w, https:\/\/agora.xtec.cat\/ceip-jrj\/wp-content\/uploads\/usu280\/2019\/05\/IMG-0796-200x150.jpg 200w\" sizes=\"auto, (max-width: 1024px) 100vw, 1024px\" \/><\/a><\/p>\n","protected":false},"excerpt":{"rendered":"<p>Com ja ve sent habitual, i per gentilesa de l&#8217;empresa que s&#8217;encarrega del menjador &#8220;Agora Catering S.L.&#8221; contractada a trav\u00e9s de l&#8217;AMPA de l&#8217;escola, ha convidat a dinar a les fam\u00edlies de l&#8217;alumnat que fan \u00fas d&#8217;aquest servei de forma cont\u00ednua.<br \/>\nDurant tot el mes de&hellip;  <a href=\"https:\/\/agora.xtec.cat\/ceip-jrj\/general\/dinem-plegats\/\" title=\"Read DINEM PLEGATS\">Llegeix m\u00e9s\u00bb<\/a><\/p>\n","protected":false},"author":1,"featured_media":2422,"comment_status":"closed","ping_status":"closed","sticky":false,"template":"","format":"standard","meta":{"_bbp_topic_count":0,"_bbp_reply_count":0,"_bbp_total_topic_count":0,"_bbp_total_reply_count":0,"_bbp_voice_count":0,"_bbp_anonymous_reply_count":0,"_bbp_topic_count_hidden":0,"_bbp_reply_count_hidden":0,"_bbp_forum_subforum_count":0,"footnotes":""},"categories":[1,4],"tags":[],"class_list":["post-2419","post","type-post","status-publish","format-standard","has-post-thumbnail","hentry","category-general","category-portada"],"post_mailing_queue_ids":[],"_links":{"self":[{"href":"https:\/\/agora.xtec.cat\/ceip-jrj\/wp-json\/wp\/v2\/posts\/2419","targetHints":{"allow":["GET"]}}],"collection":[{"href":"https:\/\/agora.xtec.cat\/ceip-jrj\/wp-json\/wp\/v2\/posts"}],"about":[{"href":"https:\/\/agora.xtec.cat\/ceip-jrj\/wp-json\/wp\/v2\/types\/post"}],"author":[{"embeddable":true,"href":"https:\/\/agora.xtec.cat\/ceip-jrj\/wp-json\/wp\/v2\/users\/1"}],"replies":[{"embeddable":true,"href":"https:\/\/agora.xtec.cat\/ceip-jrj\/wp-json\/wp\/v2\/comments?post=2419"}],"version-history":[{"count":3,"href":"https:\/\/agora.xtec.cat\/ceip-jrj\/wp-json\/wp\/v2\/posts\/2419\/revisions"}],"predecessor-version":[{"id":2424,"href":"https:\/\/agora.xtec.cat\/ceip-jrj\/wp-json\/wp\/v2\/posts\/2419\/revisions\/2424"}],"wp:featuredmedia":[{"embeddable":true,"href":"https:\/\/agora.xtec.cat\/ceip-jrj\/wp-json\/wp\/v2\/media\/2422"}],"wp:attachment":[{"href":"https:\/\/agora.xtec.cat\/ceip-jrj\/wp-json\/wp\/v2\/media?parent=2419"}],"wp:term":[{"taxonomy":"category","embeddable":true,"href":"https:\/\/agora.xtec.cat\/ceip-jrj\/wp-json\/wp\/v2\/categories?post=2419"},{"taxonomy":"post_tag","embeddable":true,"href":"https:\/\/agora.xtec.cat\/ceip-jrj\/wp-json\/wp\/v2\/tags?post=2419"}],"curies":[{"name":"wp","href":"https:\/\/api.w.org\/{rel}","templated":true}]}}