{"id":2317,"date":"2019-04-05T12:49:01","date_gmt":"2019-04-05T10:49:01","guid":{"rendered":"http:\/\/agora.xtec.cat\/ceip-jrj\/?p=2317"},"modified":"2019-04-05T14:14:23","modified_gmt":"2019-04-05T12:14:23","slug":"certamen-lectura-en-veu-alta-2","status":"publish","type":"post","link":"https:\/\/agora.xtec.cat\/ceip-jrj\/general\/certamen-lectura-en-veu-alta-2\/","title":{"rendered":"CERTAMEN LECTURA EN VEU ALTA"},"content":{"rendered":"<p style=\"text-align: justify;\">El passat dimecres 3 d&#8217;abril van tenir lloc les Quarts de final del\u00a0\u00a0XV Certamen Nacional infantil i juvenil de lectura en veu alta al Centre Cultural de Martorell.\u00a0Com ja fa uns anys, la nostra escola hi\u00a0 va participar amb l&#8217;alumna de 4tA, Mae Mart\u00ed Saenz de Pablo i amb l&#8217;alumne de 6\u00e8B, Blai Balverde Garc\u00eda. Malgrat no haver resultat finalistes, van viure una experi\u00e8ncia inoblidable en la qual no hi van faltar els nervis i les emocions a flor de pell. Des d&#8217;aqu\u00ed els felicitem a tots dos per una participaci\u00f3 i una lectura fant\u00e0stiques. Enhorabona!<\/p>\n<p><a href=\"https:\/\/agora.xtec.cat\/ceip-jrj\/wp-content\/uploads\/usu280\/2019\/04\/IMG-0488.jpg\"><img loading=\"lazy\" decoding=\"async\" class=\"alignnone size-large wp-image-2320\" src=\"https:\/\/agora.xtec.cat\/ceip-jrj\/wp-content\/uploads\/usu280\/2019\/04\/IMG-0488-1024x768.jpg\" alt=\"\" width=\"1024\" height=\"768\" srcset=\"https:\/\/agora.xtec.cat\/ceip-jrj\/wp-content\/uploads\/usu280\/2019\/04\/IMG-0488.jpg 1024w, https:\/\/agora.xtec.cat\/ceip-jrj\/wp-content\/uploads\/usu280\/2019\/04\/IMG-0488-300x225.jpg 300w, https:\/\/agora.xtec.cat\/ceip-jrj\/wp-content\/uploads\/usu280\/2019\/04\/IMG-0488-768x576.jpg 768w, https:\/\/agora.xtec.cat\/ceip-jrj\/wp-content\/uploads\/usu280\/2019\/04\/IMG-0488-200x150.jpg 200w\" sizes=\"auto, (max-width: 1024px) 100vw, 1024px\" \/><\/a> <a href=\"https:\/\/agora.xtec.cat\/ceip-jrj\/wp-content\/uploads\/usu280\/2019\/04\/IMG-0491.jpg\"><img loading=\"lazy\" decoding=\"async\" class=\"alignnone size-large wp-image-2321\" src=\"https:\/\/agora.xtec.cat\/ceip-jrj\/wp-content\/uploads\/usu280\/2019\/04\/IMG-0491-1024x768.jpg\" alt=\"\" width=\"1024\" height=\"768\" srcset=\"https:\/\/agora.xtec.cat\/ceip-jrj\/wp-content\/uploads\/usu280\/2019\/04\/IMG-0491.jpg 1024w, https:\/\/agora.xtec.cat\/ceip-jrj\/wp-content\/uploads\/usu280\/2019\/04\/IMG-0491-300x225.jpg 300w, https:\/\/agora.xtec.cat\/ceip-jrj\/wp-content\/uploads\/usu280\/2019\/04\/IMG-0491-768x576.jpg 768w, https:\/\/agora.xtec.cat\/ceip-jrj\/wp-content\/uploads\/usu280\/2019\/04\/IMG-0491-200x150.jpg 200w\" sizes=\"auto, (max-width: 1024px) 100vw, 1024px\" \/><\/a> <a href=\"https:\/\/agora.xtec.cat\/ceip-jrj\/wp-content\/uploads\/usu280\/2019\/04\/IMG-0499.jpg\"><img loading=\"lazy\" decoding=\"async\" class=\"alignnone size-large wp-image-2322\" src=\"https:\/\/agora.xtec.cat\/ceip-jrj\/wp-content\/uploads\/usu280\/2019\/04\/IMG-0499-1024x768.jpg\" alt=\"\" width=\"1024\" height=\"768\" srcset=\"https:\/\/agora.xtec.cat\/ceip-jrj\/wp-content\/uploads\/usu280\/2019\/04\/IMG-0499.jpg 1024w, https:\/\/agora.xtec.cat\/ceip-jrj\/wp-content\/uploads\/usu280\/2019\/04\/IMG-0499-300x225.jpg 300w, https:\/\/agora.xtec.cat\/ceip-jrj\/wp-content\/uploads\/usu280\/2019\/04\/IMG-0499-768x576.jpg 768w, https:\/\/agora.xtec.cat\/ceip-jrj\/wp-content\/uploads\/usu280\/2019\/04\/IMG-0499-200x150.jpg 200w\" sizes=\"auto, (max-width: 1024px) 100vw, 1024px\" \/><\/a><\/p>\n<p>Al seg\u00fcent enlla\u00e7 podeu trobar m\u00e9s fotografies:<\/p>\n<p><a href=\"https:\/\/photos.google.com\/share\/AF1QipPlievqt6JeBcHKleuGByPAt4deHEOfvVIz_fVmYX75OT9AZhGHbjIyq_5EhyJFWQ?key=QWhXM0hIWThBYXptUUVtSXl2clV6WnJoMThxVndn\">CERTAMEN LECTURA EN VEU ALTA<\/a><\/p>\n","protected":false},"excerpt":{"rendered":"<p>El passat dimecres 3 d&#8217;abril van tenir lloc les Quarts de final del\u00a0\u00a0XV Certamen Nacional infantil i juvenil de lectura en veu alta al Centre Cultural de Martorell.\u00a0Com ja fa uns anys, la nostra escola hi\u00a0 va participar amb l&#8217;alumna de 4tA, Mae Mart\u00ed Saenz&hellip;  <a href=\"https:\/\/agora.xtec.cat\/ceip-jrj\/general\/certamen-lectura-en-veu-alta-2\/\" title=\"Read CERTAMEN LECTURA EN VEU ALTA\">Llegeix m\u00e9s\u00bb<\/a><\/p>\n","protected":false},"author":1,"featured_media":2319,"comment_status":"closed","ping_status":"closed","sticky":false,"template":"","format":"standard","meta":{"_bbp_topic_count":0,"_bbp_reply_count":0,"_bbp_total_topic_count":0,"_bbp_total_reply_count":0,"_bbp_voice_count":0,"_bbp_anonymous_reply_count":0,"_bbp_topic_count_hidden":0,"_bbp_reply_count_hidden":0,"_bbp_forum_subforum_count":0,"footnotes":""},"categories":[1,4],"tags":[],"class_list":["post-2317","post","type-post","status-publish","format-standard","has-post-thumbnail","hentry","category-general","category-portada"],"post_mailing_queue_ids":[],"_links":{"self":[{"href":"https:\/\/agora.xtec.cat\/ceip-jrj\/wp-json\/wp\/v2\/posts\/2317","targetHints":{"allow":["GET"]}}],"collection":[{"href":"https:\/\/agora.xtec.cat\/ceip-jrj\/wp-json\/wp\/v2\/posts"}],"about":[{"href":"https:\/\/agora.xtec.cat\/ceip-jrj\/wp-json\/wp\/v2\/types\/post"}],"author":[{"embeddable":true,"href":"https:\/\/agora.xtec.cat\/ceip-jrj\/wp-json\/wp\/v2\/users\/1"}],"replies":[{"embeddable":true,"href":"https:\/\/agora.xtec.cat\/ceip-jrj\/wp-json\/wp\/v2\/comments?post=2317"}],"version-history":[{"count":3,"href":"https:\/\/agora.xtec.cat\/ceip-jrj\/wp-json\/wp\/v2\/posts\/2317\/revisions"}],"predecessor-version":[{"id":2324,"href":"https:\/\/agora.xtec.cat\/ceip-jrj\/wp-json\/wp\/v2\/posts\/2317\/revisions\/2324"}],"wp:featuredmedia":[{"embeddable":true,"href":"https:\/\/agora.xtec.cat\/ceip-jrj\/wp-json\/wp\/v2\/media\/2319"}],"wp:attachment":[{"href":"https:\/\/agora.xtec.cat\/ceip-jrj\/wp-json\/wp\/v2\/media?parent=2317"}],"wp:term":[{"taxonomy":"category","embeddable":true,"href":"https:\/\/agora.xtec.cat\/ceip-jrj\/wp-json\/wp\/v2\/categories?post=2317"},{"taxonomy":"post_tag","embeddable":true,"href":"https:\/\/agora.xtec.cat\/ceip-jrj\/wp-json\/wp\/v2\/tags?post=2317"}],"curies":[{"name":"wp","href":"https:\/\/api.w.org\/{rel}","templated":true}]}}