{"id":2285,"date":"2019-03-21T13:25:35","date_gmt":"2019-03-21T12:25:35","guid":{"rendered":"http:\/\/agora.xtec.cat\/ceip-jrj\/?p=2285"},"modified":"2019-03-21T13:25:41","modified_gmt":"2019-03-21T12:25:41","slug":"anem-al-circ-p4-i-p5","status":"publish","type":"post","link":"https:\/\/agora.xtec.cat\/ceip-jrj\/general\/anem-al-circ-p4-i-p5\/","title":{"rendered":"ANEM AL CIRC P4 I P5"},"content":{"rendered":"<p>La setmana passada els nens i nenes de P4 i P5 vam fer una visita al \u201cCirc a les feixes\u201d a la localitat de Copons.\u00a0 All\u00e0 vam\u00a0 poder convertir-nos per un dia en petits artistes de circ, maquillar-nos i vestir-nos com un pallasso, caminar per la corda, pujar al trapezi i intentar fer malabars amb diferents objectes, ser m\u00fasics, fer equilibris i moltes coses m\u00e9s.\u00a0\u00a0 La jornada\u00a0 va acabar amb l\u00b4actuaci\u00f3 del pallasso Tastacirc que ens va fer riure un munt amb les seves bromes i els seus acudits.\u00a0 Ens ho vam passar d\u2019all\u00f2 m\u00e9s b\u00e9!!!!<\/p>\n<p><a href=\"https:\/\/photos.app.goo.gl\/YU68qi6J1h5TUVFm7\">Aqu\u00ed<\/a> podeu veure les fotos d&#8217;aquest dia tan divertit!<\/p>\n","protected":false},"excerpt":{"rendered":"<p>La setmana passada els nens i nenes de P4 i P5 vam fer una visita al \u201cCirc a les feixes\u201d a la localitat de Copons.\u00a0 All\u00e0 vam\u00a0 poder convertir-nos per un dia en petits artistes de circ, maquillar-nos i vestir-nos com un pallasso, caminar per&hellip;  <a href=\"https:\/\/agora.xtec.cat\/ceip-jrj\/general\/anem-al-circ-p4-i-p5\/\" title=\"Read ANEM AL CIRC P4 I P5\">Llegeix m\u00e9s\u00bb<\/a><\/p>\n","protected":false},"author":1,"featured_media":2286,"comment_status":"closed","ping_status":"closed","sticky":false,"template":"","format":"standard","meta":{"_bbp_topic_count":0,"_bbp_reply_count":0,"_bbp_total_topic_count":0,"_bbp_total_reply_count":0,"_bbp_voice_count":0,"_bbp_anonymous_reply_count":0,"_bbp_topic_count_hidden":0,"_bbp_reply_count_hidden":0,"_bbp_forum_subforum_count":0,"footnotes":""},"categories":[1,2,8,9,4],"tags":[],"class_list":["post-2285","post","type-post","status-publish","format-standard","has-post-thumbnail","hentry","category-general","category-infantil","category-p4","category-p5","category-portada"],"post_mailing_queue_ids":[],"_links":{"self":[{"href":"https:\/\/agora.xtec.cat\/ceip-jrj\/wp-json\/wp\/v2\/posts\/2285","targetHints":{"allow":["GET"]}}],"collection":[{"href":"https:\/\/agora.xtec.cat\/ceip-jrj\/wp-json\/wp\/v2\/posts"}],"about":[{"href":"https:\/\/agora.xtec.cat\/ceip-jrj\/wp-json\/wp\/v2\/types\/post"}],"author":[{"embeddable":true,"href":"https:\/\/agora.xtec.cat\/ceip-jrj\/wp-json\/wp\/v2\/users\/1"}],"replies":[{"embeddable":true,"href":"https:\/\/agora.xtec.cat\/ceip-jrj\/wp-json\/wp\/v2\/comments?post=2285"}],"version-history":[{"count":1,"href":"https:\/\/agora.xtec.cat\/ceip-jrj\/wp-json\/wp\/v2\/posts\/2285\/revisions"}],"predecessor-version":[{"id":2287,"href":"https:\/\/agora.xtec.cat\/ceip-jrj\/wp-json\/wp\/v2\/posts\/2285\/revisions\/2287"}],"wp:featuredmedia":[{"embeddable":true,"href":"https:\/\/agora.xtec.cat\/ceip-jrj\/wp-json\/wp\/v2\/media\/2286"}],"wp:attachment":[{"href":"https:\/\/agora.xtec.cat\/ceip-jrj\/wp-json\/wp\/v2\/media?parent=2285"}],"wp:term":[{"taxonomy":"category","embeddable":true,"href":"https:\/\/agora.xtec.cat\/ceip-jrj\/wp-json\/wp\/v2\/categories?post=2285"},{"taxonomy":"post_tag","embeddable":true,"href":"https:\/\/agora.xtec.cat\/ceip-jrj\/wp-json\/wp\/v2\/tags?post=2285"}],"curies":[{"name":"wp","href":"https:\/\/api.w.org\/{rel}","templated":true}]}}