{"id":2183,"date":"2019-02-18T08:29:51","date_gmt":"2019-02-18T07:29:51","guid":{"rendered":"http:\/\/agora.xtec.cat\/ceip-jrj\/?p=2183"},"modified":"2019-02-18T08:32:11","modified_gmt":"2019-02-18T07:32:11","slug":"laboratoris-de-lectura","status":"publish","type":"post","link":"https:\/\/agora.xtec.cat\/ceip-jrj\/general\/laboratoris-de-lectura\/","title":{"rendered":"LABORATORIS DE LECTURA"},"content":{"rendered":"<p style=\"text-align: justify;\">Durant \u00a0l&#8217;\u00faltima setmana de gener i les dues primeres de febrer, a l&#8217;escola hem dut a terme una nova activitat anomenada &#8220;Laboratoris de lectura&#8221;, creada per\u00a0<a href=\"http:\/\/www.martaroig.com\/identitat-professional\/qui-soc\/\">Marta Roig<\/a>.<\/p>\n<p style=\"text-align: justify;\">Els laboratoris de lectura s\u00f3n f\u00f3rmules per descobrir, llegir i experimentar. Tal i com els defineix la seva creadora s\u00f3n &#8220;Espais de creaci\u00f3 per a les fam\u00edlies que\u00a0conviden a experimentar al voltant de la\u00a0lectura entesa en el sentit m\u00e9s ampli del\u00a0terme: llegir amb tots els sentits, la lectura\u00a0d\u2019imatges i sons, la creaci\u00f3 liter\u00e0ria com un joc\u00a0i la imaginaci\u00f3 po\u00e8tica com a forma art\u00edstica.&#8221;<\/p>\n<p style=\"text-align: justify;\">Nosaltres l&#8217;hem dut a terme amb l&#8217;alumnat de 3r a 4t i han gaudit molt\u00edssim tot escoltant la directora de l&#8217;escola, vestida de cient\u00edfica de biblioteca, la narraci\u00f3 d&#8217; &#8220;El diari de les caixes de llumins&#8221; de\u00a0Paul\u00a0Fleischman.<\/p>\n<p><a href=\"https:\/\/agora.xtec.cat\/ceip-jrj\/wp-content\/uploads\/usu280\/2019\/02\/1.jpg\"><img loading=\"lazy\" decoding=\"async\" class=\"wp-image-2184 size-medium aligncenter\" src=\"https:\/\/agora.xtec.cat\/ceip-jrj\/wp-content\/uploads\/usu280\/2019\/02\/1-300x225.jpg\" alt=\"\" width=\"300\" height=\"225\" srcset=\"https:\/\/agora.xtec.cat\/ceip-jrj\/wp-content\/uploads\/usu280\/2019\/02\/1-300x225.jpg 300w, https:\/\/agora.xtec.cat\/ceip-jrj\/wp-content\/uploads\/usu280\/2019\/02\/1-768x576.jpg 768w, https:\/\/agora.xtec.cat\/ceip-jrj\/wp-content\/uploads\/usu280\/2019\/02\/1.jpg 1024w, https:\/\/agora.xtec.cat\/ceip-jrj\/wp-content\/uploads\/usu280\/2019\/02\/1-200x150.jpg 200w\" sizes=\"auto, (max-width: 300px) 100vw, 300px\" \/><\/a><\/p>\n<p><a href=\"https:\/\/agora.xtec.cat\/ceip-jrj\/wp-content\/uploads\/usu280\/2019\/02\/2.jpg\"><img loading=\"lazy\" decoding=\"async\" class=\"aligncenter wp-image-2185 size-medium\" src=\"https:\/\/agora.xtec.cat\/ceip-jrj\/wp-content\/uploads\/usu280\/2019\/02\/2-225x300.jpg\" alt=\"\" width=\"225\" height=\"300\" srcset=\"https:\/\/agora.xtec.cat\/ceip-jrj\/wp-content\/uploads\/usu280\/2019\/02\/2-225x300.jpg 225w, https:\/\/agora.xtec.cat\/ceip-jrj\/wp-content\/uploads\/usu280\/2019\/02\/2.jpg 768w\" sizes=\"auto, (max-width: 225px) 100vw, 225px\" \/><\/a><\/p>\n<p><a href=\"https:\/\/agora.xtec.cat\/ceip-jrj\/wp-content\/uploads\/usu280\/2019\/02\/3.jpg\"><img loading=\"lazy\" decoding=\"async\" class=\"aligncenter wp-image-2186 size-medium\" src=\"https:\/\/agora.xtec.cat\/ceip-jrj\/wp-content\/uploads\/usu280\/2019\/02\/3-300x225.jpg\" alt=\"\" width=\"300\" height=\"225\" srcset=\"https:\/\/agora.xtec.cat\/ceip-jrj\/wp-content\/uploads\/usu280\/2019\/02\/3-300x225.jpg 300w, https:\/\/agora.xtec.cat\/ceip-jrj\/wp-content\/uploads\/usu280\/2019\/02\/3-768x576.jpg 768w, https:\/\/agora.xtec.cat\/ceip-jrj\/wp-content\/uploads\/usu280\/2019\/02\/3.jpg 1024w, https:\/\/agora.xtec.cat\/ceip-jrj\/wp-content\/uploads\/usu280\/2019\/02\/3-200x150.jpg 200w\" sizes=\"auto, (max-width: 300px) 100vw, 300px\" \/><\/a><\/p>\n<p><a href=\"https:\/\/agora.xtec.cat\/ceip-jrj\/wp-content\/uploads\/usu280\/2019\/02\/4.jpg\"><img loading=\"lazy\" decoding=\"async\" class=\"wp-image-2187 size-medium aligncenter\" src=\"https:\/\/agora.xtec.cat\/ceip-jrj\/wp-content\/uploads\/usu280\/2019\/02\/4-300x225.jpg\" alt=\"\" width=\"300\" height=\"225\" srcset=\"https:\/\/agora.xtec.cat\/ceip-jrj\/wp-content\/uploads\/usu280\/2019\/02\/4-300x225.jpg 300w, https:\/\/agora.xtec.cat\/ceip-jrj\/wp-content\/uploads\/usu280\/2019\/02\/4-768x576.jpg 768w, https:\/\/agora.xtec.cat\/ceip-jrj\/wp-content\/uploads\/usu280\/2019\/02\/4.jpg 1024w, https:\/\/agora.xtec.cat\/ceip-jrj\/wp-content\/uploads\/usu280\/2019\/02\/4-200x150.jpg 200w\" sizes=\"auto, (max-width: 300px) 100vw, 300px\" \/><\/a><\/p>\n","protected":false},"excerpt":{"rendered":"<p>Durant \u00a0l&#8217;\u00faltima setmana de gener i les dues primeres de febrer, a l&#8217;escola hem dut a terme una nova activitat anomenada &#8220;Laboratoris de lectura&#8221;, creada per\u00a0<a href=\"http:\/\/www.martaroig.com\/identitat-professional\/qui-soc\/\">Marta Roig<\/a>.<br \/>\nEls laboratoris de lectura s\u00f3n f\u00f3rmules per descobrir, llegir i experimentar. Tal i com els defineix la seva&hellip;  <a href=\"https:\/\/agora.xtec.cat\/ceip-jrj\/general\/laboratoris-de-lectura\/\" title=\"Read LABORATORIS DE LECTURA\">Llegeix m\u00e9s\u00bb<\/a><\/p>\n","protected":false},"author":1,"featured_media":2188,"comment_status":"closed","ping_status":"closed","sticky":false,"template":"","format":"standard","meta":{"_bbp_topic_count":0,"_bbp_reply_count":0,"_bbp_total_topic_count":0,"_bbp_total_reply_count":0,"_bbp_voice_count":0,"_bbp_anonymous_reply_count":0,"_bbp_topic_count_hidden":0,"_bbp_reply_count_hidden":0,"_bbp_forum_subforum_count":0,"footnotes":""},"categories":[1,4],"tags":[],"class_list":["post-2183","post","type-post","status-publish","format-standard","has-post-thumbnail","hentry","category-general","category-portada"],"post_mailing_queue_ids":[],"_links":{"self":[{"href":"https:\/\/agora.xtec.cat\/ceip-jrj\/wp-json\/wp\/v2\/posts\/2183","targetHints":{"allow":["GET"]}}],"collection":[{"href":"https:\/\/agora.xtec.cat\/ceip-jrj\/wp-json\/wp\/v2\/posts"}],"about":[{"href":"https:\/\/agora.xtec.cat\/ceip-jrj\/wp-json\/wp\/v2\/types\/post"}],"author":[{"embeddable":true,"href":"https:\/\/agora.xtec.cat\/ceip-jrj\/wp-json\/wp\/v2\/users\/1"}],"replies":[{"embeddable":true,"href":"https:\/\/agora.xtec.cat\/ceip-jrj\/wp-json\/wp\/v2\/comments?post=2183"}],"version-history":[{"count":2,"href":"https:\/\/agora.xtec.cat\/ceip-jrj\/wp-json\/wp\/v2\/posts\/2183\/revisions"}],"predecessor-version":[{"id":2190,"href":"https:\/\/agora.xtec.cat\/ceip-jrj\/wp-json\/wp\/v2\/posts\/2183\/revisions\/2190"}],"wp:featuredmedia":[{"embeddable":true,"href":"https:\/\/agora.xtec.cat\/ceip-jrj\/wp-json\/wp\/v2\/media\/2188"}],"wp:attachment":[{"href":"https:\/\/agora.xtec.cat\/ceip-jrj\/wp-json\/wp\/v2\/media?parent=2183"}],"wp:term":[{"taxonomy":"category","embeddable":true,"href":"https:\/\/agora.xtec.cat\/ceip-jrj\/wp-json\/wp\/v2\/categories?post=2183"},{"taxonomy":"post_tag","embeddable":true,"href":"https:\/\/agora.xtec.cat\/ceip-jrj\/wp-json\/wp\/v2\/tags?post=2183"}],"curies":[{"name":"wp","href":"https:\/\/api.w.org\/{rel}","templated":true}]}}