{"id":2153,"date":"2019-01-31T09:17:28","date_gmt":"2019-01-31T08:17:28","guid":{"rendered":"http:\/\/agora.xtec.cat\/ceip-jrj\/?p=2153"},"modified":"2019-01-31T13:38:24","modified_gmt":"2019-01-31T12:38:24","slug":"visitem-can-santoi-colonia-guell","status":"publish","type":"post","link":"https:\/\/agora.xtec.cat\/ceip-jrj\/general\/visitem-can-santoi-colonia-guell\/","title":{"rendered":"VISITEM CAN SANTOI (COL\u00d2NIA G\u00dcELL)"},"content":{"rendered":"<p style=\"font-weight: 400;\">El passat divendres 25 de gener, els alumnes de 6\u00e8 van visitar el \u201cCamp d\u2019Aprenentage de Can Santoi\u201d. Un viatge en el temps coneixent m\u00e9s a fons els edificis de la part industrial i residencial de la Col\u00f2nia G\u00fcell. Van observar\u00a0diferents elements modernistes, tot gaudint de la visita al centre d\u2019interpretaci\u00f3 i de l\u2019Esgl\u00e9sia dissenyada per Antoni Gaud\u00ed.<\/p>\n<p><a href=\"https:\/\/agora.xtec.cat\/ceip-jrj\/wp-content\/uploads\/usu280\/2019\/01\/IMG_20190125_120901_opt.jpg\"><img loading=\"lazy\" decoding=\"async\" class=\"wp-image-2160 size-medium alignleft\" src=\"https:\/\/agora.xtec.cat\/ceip-jrj\/wp-content\/uploads\/usu280\/2019\/01\/IMG_20190125_120901_opt-300x225.jpg\" alt=\"\" width=\"300\" height=\"225\" srcset=\"https:\/\/agora.xtec.cat\/ceip-jrj\/wp-content\/uploads\/usu280\/2019\/01\/IMG_20190125_120901_opt-300x225.jpg 300w, https:\/\/agora.xtec.cat\/ceip-jrj\/wp-content\/uploads\/usu280\/2019\/01\/IMG_20190125_120901_opt-200x150.jpg 200w, https:\/\/agora.xtec.cat\/ceip-jrj\/wp-content\/uploads\/usu280\/2019\/01\/IMG_20190125_120901_opt.jpg 400w\" sizes=\"auto, (max-width: 300px) 100vw, 300px\" \/><\/a><\/p>\n<p><a href=\"https:\/\/agora.xtec.cat\/ceip-jrj\/wp-content\/uploads\/usu280\/2019\/01\/IMG_20190125_135521_opt.jpg\"><img loading=\"lazy\" decoding=\"async\" class=\"wp-image-2161 size-medium alignleft\" src=\"https:\/\/agora.xtec.cat\/ceip-jrj\/wp-content\/uploads\/usu280\/2019\/01\/IMG_20190125_135521_opt-300x225.jpg\" alt=\"\" width=\"300\" height=\"225\" srcset=\"https:\/\/agora.xtec.cat\/ceip-jrj\/wp-content\/uploads\/usu280\/2019\/01\/IMG_20190125_135521_opt-300x225.jpg 300w, https:\/\/agora.xtec.cat\/ceip-jrj\/wp-content\/uploads\/usu280\/2019\/01\/IMG_20190125_135521_opt-200x150.jpg 200w, https:\/\/agora.xtec.cat\/ceip-jrj\/wp-content\/uploads\/usu280\/2019\/01\/IMG_20190125_135521_opt.jpg 400w\" sizes=\"auto, (max-width: 300px) 100vw, 300px\" \/><\/a><\/p>\n<p><a href=\"https:\/\/agora.xtec.cat\/ceip-jrj\/wp-content\/uploads\/usu280\/2019\/01\/IMG_20190125_144727_opt.jpg\"><img loading=\"lazy\" decoding=\"async\" class=\"wp-image-2162 size-medium alignleft\" src=\"https:\/\/agora.xtec.cat\/ceip-jrj\/wp-content\/uploads\/usu280\/2019\/01\/IMG_20190125_144727_opt-300x204.jpg\" alt=\"\" width=\"300\" height=\"204\" srcset=\"https:\/\/agora.xtec.cat\/ceip-jrj\/wp-content\/uploads\/usu280\/2019\/01\/IMG_20190125_144727_opt-300x204.jpg 300w, https:\/\/agora.xtec.cat\/ceip-jrj\/wp-content\/uploads\/usu280\/2019\/01\/IMG_20190125_144727_opt.jpg 400w\" sizes=\"auto, (max-width: 300px) 100vw, 300px\" \/><\/a><\/p>\n<p>&nbsp;<\/p>\n<p>&nbsp;<\/p>\n","protected":false},"excerpt":{"rendered":"<p>El passat divendres 25 de gener, els alumnes de 6\u00e8 van visitar el \u201cCamp d\u2019Aprenentage de Can Santoi\u201d. Un viatge en el temps coneixent m\u00e9s a fons els edificis de la part industrial i residencial de la Col\u00f2nia G\u00fcell. Van observar\u00a0diferents elements modernistes, tot gaudint&hellip;  <a href=\"https:\/\/agora.xtec.cat\/ceip-jrj\/general\/visitem-can-santoi-colonia-guell\/\" title=\"Read VISITEM CAN SANTOI (COL\u00d2NIA G\u00dcELL)\">Llegeix m\u00e9s\u00bb<\/a><\/p>\n","protected":false},"author":1,"featured_media":2159,"comment_status":"closed","ping_status":"closed","sticky":false,"template":"","format":"standard","meta":{"_bbp_topic_count":0,"_bbp_reply_count":0,"_bbp_total_topic_count":0,"_bbp_total_reply_count":0,"_bbp_voice_count":0,"_bbp_anonymous_reply_count":0,"_bbp_topic_count_hidden":0,"_bbp_reply_count_hidden":0,"_bbp_forum_subforum_count":0,"footnotes":""},"categories":[1,4],"tags":[],"class_list":["post-2153","post","type-post","status-publish","format-standard","has-post-thumbnail","hentry","category-general","category-portada"],"post_mailing_queue_ids":[],"_links":{"self":[{"href":"https:\/\/agora.xtec.cat\/ceip-jrj\/wp-json\/wp\/v2\/posts\/2153","targetHints":{"allow":["GET"]}}],"collection":[{"href":"https:\/\/agora.xtec.cat\/ceip-jrj\/wp-json\/wp\/v2\/posts"}],"about":[{"href":"https:\/\/agora.xtec.cat\/ceip-jrj\/wp-json\/wp\/v2\/types\/post"}],"author":[{"embeddable":true,"href":"https:\/\/agora.xtec.cat\/ceip-jrj\/wp-json\/wp\/v2\/users\/1"}],"replies":[{"embeddable":true,"href":"https:\/\/agora.xtec.cat\/ceip-jrj\/wp-json\/wp\/v2\/comments?post=2153"}],"version-history":[{"count":2,"href":"https:\/\/agora.xtec.cat\/ceip-jrj\/wp-json\/wp\/v2\/posts\/2153\/revisions"}],"predecessor-version":[{"id":2166,"href":"https:\/\/agora.xtec.cat\/ceip-jrj\/wp-json\/wp\/v2\/posts\/2153\/revisions\/2166"}],"wp:featuredmedia":[{"embeddable":true,"href":"https:\/\/agora.xtec.cat\/ceip-jrj\/wp-json\/wp\/v2\/media\/2159"}],"wp:attachment":[{"href":"https:\/\/agora.xtec.cat\/ceip-jrj\/wp-json\/wp\/v2\/media?parent=2153"}],"wp:term":[{"taxonomy":"category","embeddable":true,"href":"https:\/\/agora.xtec.cat\/ceip-jrj\/wp-json\/wp\/v2\/categories?post=2153"},{"taxonomy":"post_tag","embeddable":true,"href":"https:\/\/agora.xtec.cat\/ceip-jrj\/wp-json\/wp\/v2\/tags?post=2153"}],"curies":[{"name":"wp","href":"https:\/\/api.w.org\/{rel}","templated":true}]}}