{"id":2146,"date":"2019-01-31T13:37:07","date_gmt":"2019-01-31T12:37:07","guid":{"rendered":"http:\/\/agora.xtec.cat\/ceip-jrj\/?p=2146"},"modified":"2019-01-31T13:38:02","modified_gmt":"2019-01-31T12:38:02","slug":"dia-escolar-de-la-no-violencia-i-la-pau-denip-2","status":"publish","type":"post","link":"https:\/\/agora.xtec.cat\/ceip-jrj\/general\/dia-escolar-de-la-no-violencia-i-la-pau-denip-2\/","title":{"rendered":"Dia Escolar de la No viol\u00e8ncia I la Pau (DENIP)"},"content":{"rendered":"<p>Enguany hem tornat a celebrar el dia del DENIP, 30 de gener, al pati de l&#8217;escola amb totes les nenes i nens i el professorat. Un representant de cada curs ha sortit al mig de la pista d&#8217;handbol a llegir un desig de Pau que ha pensat tota la classe, pr\u00e8viament, a l&#8217;aula. Un cop finalitzats els desitjos de Pau hem cantat i ballat, tots junts, la can\u00e7\u00f3 &#8220;Bajo el mismo Sol&#8221;.<\/p>\n<p><iframe loading=\"lazy\" title=\"Alvaro Soler - El Mismo Sol ft. Jennifer Lopez\" width=\"500\" height=\"281\" src=\"https:\/\/www.youtube.com\/embed\/srPJ-s5uMbI?feature=oembed\" frameborder=\"0\" allow=\"accelerometer; autoplay; clipboard-write; encrypted-media; gyroscope; picture-in-picture; web-share\" referrerpolicy=\"strict-origin-when-cross-origin\" allowfullscreen><\/iframe><\/p>\n<p>Enlla\u00e7 a les fotos del DENIP<\/p>\n<p><a href=\"https:\/\/photos.app.goo.gl\/Rz8fCrJadertL7g19\">CLICA AQU\u00cd<\/a><\/p>\n<p>&nbsp;<\/p>\n<p>&nbsp;<\/p>\n<p>&nbsp;<\/p>\n<p>&nbsp;<\/p>\n<p>&nbsp;<\/p>\n<p>&nbsp;<\/p>\n<p>&nbsp;<\/p>\n<p>&nbsp;<\/p>\n<p>&nbsp;<\/p>\n<p>&nbsp;<\/p>\n<p>&nbsp;<\/p>\n<p>&nbsp;<\/p>\n<p>&nbsp;<\/p>\n<p>&nbsp;<\/p>\n<p>&nbsp;<\/p>\n","protected":false},"excerpt":{"rendered":"<p>Enguany hem tornat a celebrar el dia del DENIP, 30 de gener, al pati de l&#8217;escola amb totes les nenes i nens i el professorat. Un representant de cada curs ha sortit al mig de la pista d&#8217;handbol a llegir un desig de Pau que&hellip;  <a href=\"https:\/\/agora.xtec.cat\/ceip-jrj\/general\/dia-escolar-de-la-no-violencia-i-la-pau-denip-2\/\" title=\"Read Dia Escolar de la No viol\u00e8ncia I la Pau (DENIP)\">Llegeix m\u00e9s\u00bb<\/a><\/p>\n","protected":false},"author":1,"featured_media":2147,"comment_status":"closed","ping_status":"closed","sticky":false,"template":"","format":"standard","meta":{"_bbp_topic_count":0,"_bbp_reply_count":0,"_bbp_total_topic_count":0,"_bbp_total_reply_count":0,"_bbp_voice_count":0,"_bbp_anonymous_reply_count":0,"_bbp_topic_count_hidden":0,"_bbp_reply_count_hidden":0,"_bbp_forum_subforum_count":0,"footnotes":""},"categories":[1,4],"tags":[],"class_list":["post-2146","post","type-post","status-publish","format-standard","has-post-thumbnail","hentry","category-general","category-portada"],"post_mailing_queue_ids":[],"_links":{"self":[{"href":"https:\/\/agora.xtec.cat\/ceip-jrj\/wp-json\/wp\/v2\/posts\/2146","targetHints":{"allow":["GET"]}}],"collection":[{"href":"https:\/\/agora.xtec.cat\/ceip-jrj\/wp-json\/wp\/v2\/posts"}],"about":[{"href":"https:\/\/agora.xtec.cat\/ceip-jrj\/wp-json\/wp\/v2\/types\/post"}],"author":[{"embeddable":true,"href":"https:\/\/agora.xtec.cat\/ceip-jrj\/wp-json\/wp\/v2\/users\/1"}],"replies":[{"embeddable":true,"href":"https:\/\/agora.xtec.cat\/ceip-jrj\/wp-json\/wp\/v2\/comments?post=2146"}],"version-history":[{"count":3,"href":"https:\/\/agora.xtec.cat\/ceip-jrj\/wp-json\/wp\/v2\/posts\/2146\/revisions"}],"predecessor-version":[{"id":2164,"href":"https:\/\/agora.xtec.cat\/ceip-jrj\/wp-json\/wp\/v2\/posts\/2146\/revisions\/2164"}],"wp:featuredmedia":[{"embeddable":true,"href":"https:\/\/agora.xtec.cat\/ceip-jrj\/wp-json\/wp\/v2\/media\/2147"}],"wp:attachment":[{"href":"https:\/\/agora.xtec.cat\/ceip-jrj\/wp-json\/wp\/v2\/media?parent=2146"}],"wp:term":[{"taxonomy":"category","embeddable":true,"href":"https:\/\/agora.xtec.cat\/ceip-jrj\/wp-json\/wp\/v2\/categories?post=2146"},{"taxonomy":"post_tag","embeddable":true,"href":"https:\/\/agora.xtec.cat\/ceip-jrj\/wp-json\/wp\/v2\/tags?post=2146"}],"curies":[{"name":"wp","href":"https:\/\/api.w.org\/{rel}","templated":true}]}}