{"id":2100,"date":"2019-01-10T13:57:28","date_gmt":"2019-01-10T12:57:28","guid":{"rendered":"http:\/\/agora.xtec.cat\/ceip-jrj\/?p=2100"},"modified":"2019-01-10T13:57:34","modified_gmt":"2019-01-10T12:57:34","slug":"el-jrj-al-aramat","status":"publish","type":"post","link":"https:\/\/agora.xtec.cat\/ceip-jrj\/espai-pedagogic-jrj\/el-jrj-al-aramat\/","title":{"rendered":"EL JRJ AL ARAMAT"},"content":{"rendered":"<p style=\"text-align: left;\"><strong>Ara matem\u00e0tiques. Saber-ne m\u00e9s per ensenyar-les millor<\/strong>, \u00e9s un curs de formaci\u00f3 adre\u00e7at a professorat d&#8217;Educaci\u00f3 Prim\u00e0ria en el qual, a partir de propostes de d\u2019activitats d\u2019aula, es treballa per ajudar al professorat a ampliar el seu coneixement matem\u00e0tic en all\u00f2 que t\u00e9 relaci\u00f3 amb l\u2019aprenentatge de l\u2019alumnat.<\/p>\n<p style=\"text-align: left;\">El professorat de la nostra escola, t\u00e9 el convenciment de que si sabem m\u00e9s matem\u00e0tiques es pot planificar millor l\u2019aprenentatge, preveure les dificultats que poden sorgir i per tant ajudar a superar-les i fer m\u00e9s connexions entre continguts matem\u00e0tics.<\/p>\n","protected":false},"excerpt":{"rendered":"<p>Ara matem\u00e0tiques. Saber-ne m\u00e9s per ensenyar-les millor, \u00e9s un curs de formaci\u00f3 adre\u00e7at a professorat d&#8217;Educaci\u00f3 Prim\u00e0ria en el qual, a partir de propostes de d\u2019activitats d\u2019aula, es treballa per ajudar al professorat a ampliar el seu coneixement matem\u00e0tic en all\u00f2 que t\u00e9 relaci\u00f3 amb&hellip;  <a href=\"https:\/\/agora.xtec.cat\/ceip-jrj\/espai-pedagogic-jrj\/el-jrj-al-aramat\/\" title=\"Read EL JRJ AL ARAMAT\">Llegeix m\u00e9s\u00bb<\/a><\/p>\n","protected":false},"author":1,"featured_media":2101,"comment_status":"closed","ping_status":"closed","sticky":false,"template":"","format":"standard","meta":{"_bbp_topic_count":0,"_bbp_reply_count":0,"_bbp_total_topic_count":0,"_bbp_total_reply_count":0,"_bbp_voice_count":0,"_bbp_anonymous_reply_count":0,"_bbp_topic_count_hidden":0,"_bbp_reply_count_hidden":0,"_bbp_forum_subforum_count":0,"footnotes":""},"categories":[54],"tags":[],"class_list":["post-2100","post","type-post","status-publish","format-standard","has-post-thumbnail","hentry","category-espai-pedagogic-jrj"],"post_mailing_queue_ids":[],"_links":{"self":[{"href":"https:\/\/agora.xtec.cat\/ceip-jrj\/wp-json\/wp\/v2\/posts\/2100","targetHints":{"allow":["GET"]}}],"collection":[{"href":"https:\/\/agora.xtec.cat\/ceip-jrj\/wp-json\/wp\/v2\/posts"}],"about":[{"href":"https:\/\/agora.xtec.cat\/ceip-jrj\/wp-json\/wp\/v2\/types\/post"}],"author":[{"embeddable":true,"href":"https:\/\/agora.xtec.cat\/ceip-jrj\/wp-json\/wp\/v2\/users\/1"}],"replies":[{"embeddable":true,"href":"https:\/\/agora.xtec.cat\/ceip-jrj\/wp-json\/wp\/v2\/comments?post=2100"}],"version-history":[{"count":1,"href":"https:\/\/agora.xtec.cat\/ceip-jrj\/wp-json\/wp\/v2\/posts\/2100\/revisions"}],"predecessor-version":[{"id":2102,"href":"https:\/\/agora.xtec.cat\/ceip-jrj\/wp-json\/wp\/v2\/posts\/2100\/revisions\/2102"}],"wp:featuredmedia":[{"embeddable":true,"href":"https:\/\/agora.xtec.cat\/ceip-jrj\/wp-json\/wp\/v2\/media\/2101"}],"wp:attachment":[{"href":"https:\/\/agora.xtec.cat\/ceip-jrj\/wp-json\/wp\/v2\/media?parent=2100"}],"wp:term":[{"taxonomy":"category","embeddable":true,"href":"https:\/\/agora.xtec.cat\/ceip-jrj\/wp-json\/wp\/v2\/categories?post=2100"},{"taxonomy":"post_tag","embeddable":true,"href":"https:\/\/agora.xtec.cat\/ceip-jrj\/wp-json\/wp\/v2\/tags?post=2100"}],"curies":[{"name":"wp","href":"https:\/\/api.w.org\/{rel}","templated":true}]}}