{"id":2086,"date":"2018-12-20T13:33:24","date_gmt":"2018-12-20T12:33:24","guid":{"rendered":"http:\/\/agora.xtec.cat\/ceip-jrj\/?p=2086"},"modified":"2018-12-20T13:34:18","modified_gmt":"2018-12-20T12:34:18","slug":"espais-matematics-al-cicle-superior","status":"publish","type":"post","link":"https:\/\/agora.xtec.cat\/ceip-jrj\/general\/espais-matematics-al-cicle-superior\/","title":{"rendered":"ESPAIS MATEM\u00c0TICS AL CICLE SUPERIOR"},"content":{"rendered":"<p>Les classes de 5\u00e8 i 6\u00e8, realitzem setmanalment una sessi\u00f3 d\u2019espais matem\u00e0tics on treballem de manera manipulativa i competencial.<\/p>\n<p>Els quatre grans blocs que treballem s\u00f3n:<\/p>\n<ul>\n<li>Mesura: l\u2019hora, cintes m\u00e8triques, envasos, balances, l\u2019euro, \u00e0rea, per\u00edmetre, nombres decimals, comparar i ordenar nombres, unitats de mesura, relacions entre unitats de mesura&#8230;<\/li>\n<li>C\u00e0lcul i prova: operacions, operacions combinades, estrat\u00e8gies de c\u00e0lcul, descomposici\u00f3, regletes, canyetes&#8230;<\/li>\n<li>Estad\u00edstica i probabilitat: gr\u00e0fics, interpretaci\u00f3 de gr\u00e0fics i\/o resultats, mitjana aritm\u00e8tica, la moda, %, representaci\u00f3 de percentatges en gr\u00e0fics&#8230;<\/li>\n<li>Geometria: desplegables, multicubs, figures 3D, construccions, classificaci\u00f3 de poliedres, cares, arestes i v\u00e8rtex, les vistes dels poliedres (al\u00e7at, planta i perfil), construcci\u00f3 de cossos geom\u00e8trics&#8230;<\/li>\n<\/ul>\n<p><a href=\"https:\/\/agora.xtec.cat\/ceip-jrj\/wp-content\/uploads\/usu280\/2018\/12\/Sense-t\u00edtol.png\"><img loading=\"lazy\" decoding=\"async\" class=\"wp-image-2091 aligncenter\" src=\"https:\/\/agora.xtec.cat\/ceip-jrj\/wp-content\/uploads\/usu280\/2018\/12\/Sense-t\u00edtol-1024x398.png\" alt=\"\" width=\"707\" height=\"275\" srcset=\"https:\/\/agora.xtec.cat\/ceip-jrj\/wp-content\/uploads\/usu280\/2018\/12\/Sense-t\u00edtol-1024x398.png 1024w, https:\/\/agora.xtec.cat\/ceip-jrj\/wp-content\/uploads\/usu280\/2018\/12\/Sense-t\u00edtol-300x116.png 300w, https:\/\/agora.xtec.cat\/ceip-jrj\/wp-content\/uploads\/usu280\/2018\/12\/Sense-t\u00edtol-768x298.png 768w, https:\/\/agora.xtec.cat\/ceip-jrj\/wp-content\/uploads\/usu280\/2018\/12\/Sense-t\u00edtol.png 1360w\" sizes=\"auto, (max-width: 707px) 100vw, 707px\" \/><\/a><a href=\"https:\/\/agora.xtec.cat\/ceip-jrj\/wp-content\/uploads\/usu280\/2018\/12\/b31be22f-d19b-441d-8b01-37b2b4c09a02.jpg\"><img loading=\"lazy\" decoding=\"async\" class=\"wp-image-2087 aligncenter\" src=\"https:\/\/agora.xtec.cat\/ceip-jrj\/wp-content\/uploads\/usu280\/2018\/12\/b31be22f-d19b-441d-8b01-37b2b4c09a02-768x1024.jpg\" alt=\"\" width=\"251\" height=\"334\" srcset=\"https:\/\/agora.xtec.cat\/ceip-jrj\/wp-content\/uploads\/usu280\/2018\/12\/b31be22f-d19b-441d-8b01-37b2b4c09a02-768x1024.jpg 768w, https:\/\/agora.xtec.cat\/ceip-jrj\/wp-content\/uploads\/usu280\/2018\/12\/b31be22f-d19b-441d-8b01-37b2b4c09a02-225x300.jpg 225w, https:\/\/agora.xtec.cat\/ceip-jrj\/wp-content\/uploads\/usu280\/2018\/12\/b31be22f-d19b-441d-8b01-37b2b4c09a02.jpg 1200w\" sizes=\"auto, (max-width: 251px) 100vw, 251px\" \/><\/a><\/p>\n","protected":false},"excerpt":{"rendered":"<p>Les classes de 5\u00e8 i 6\u00e8, realitzem setmanalment una sessi\u00f3 d\u2019espais matem\u00e0tics on treballem de manera manipulativa i competencial.<br \/>\nEls quatre grans blocs que treballem s\u00f3n:<\/p>\n<ul>\n<li>Mesura: l\u2019hora, cintes m\u00e8triques, envasos, balances, l\u2019euro, \u00e0rea, per\u00edmetre, nombres decimals, comparar i ordenar nombres, unitats de mesura, relacions entre unitats&hellip;  <a href=\"https:\/\/agora.xtec.cat\/ceip-jrj\/general\/espais-matematics-al-cicle-superior\/\" title=\"Read ESPAIS MATEM\u00c0TICS AL CICLE SUPERIOR\">Llegeix m\u00e9s\u00bb<\/a><br \/>\n","protected":false},"author":1,"featured_media":2091,"comment_status":"closed","ping_status":"closed","sticky":false,"template":"","format":"standard","meta":{"_bbp_topic_count":0,"_bbp_reply_count":0,"_bbp_total_topic_count":0,"_bbp_total_reply_count":0,"_bbp_voice_count":0,"_bbp_anonymous_reply_count":0,"_bbp_topic_count_hidden":0,"_bbp_reply_count_hidden":0,"_bbp_forum_subforum_count":0,"footnotes":""},"categories":[1,4],"tags":[],"class_list":["post-2086","post","type-post","status-publish","format-standard","has-post-thumbnail","hentry","category-general","category-portada"],"post_mailing_queue_ids":[],"_links":{"self":[{"href":"https:\/\/agora.xtec.cat\/ceip-jrj\/wp-json\/wp\/v2\/posts\/2086","targetHints":{"allow":["GET"]}}],"collection":[{"href":"https:\/\/agora.xtec.cat\/ceip-jrj\/wp-json\/wp\/v2\/posts"}],"about":[{"href":"https:\/\/agora.xtec.cat\/ceip-jrj\/wp-json\/wp\/v2\/types\/post"}],"author":[{"embeddable":true,"href":"https:\/\/agora.xtec.cat\/ceip-jrj\/wp-json\/wp\/v2\/users\/1"}],"replies":[{"embeddable":true,"href":"https:\/\/agora.xtec.cat\/ceip-jrj\/wp-json\/wp\/v2\/comments?post=2086"}],"version-history":[{"count":1,"href":"https:\/\/agora.xtec.cat\/ceip-jrj\/wp-json\/wp\/v2\/posts\/2086\/revisions"}],"predecessor-version":[{"id":2092,"href":"https:\/\/agora.xtec.cat\/ceip-jrj\/wp-json\/wp\/v2\/posts\/2086\/revisions\/2092"}],"wp:featuredmedia":[{"embeddable":true,"href":"https:\/\/agora.xtec.cat\/ceip-jrj\/wp-json\/wp\/v2\/media\/2091"}],"wp:attachment":[{"href":"https:\/\/agora.xtec.cat\/ceip-jrj\/wp-json\/wp\/v2\/media?parent=2086"}],"wp:term":[{"taxonomy":"category","embeddable":true,"href":"https:\/\/agora.xtec.cat\/ceip-jrj\/wp-json\/wp\/v2\/categories?post=2086"},{"taxonomy":"post_tag","embeddable":true,"href":"https:\/\/agora.xtec.cat\/ceip-jrj\/wp-json\/wp\/v2\/tags?post=2086"}],"curies":[{"name":"wp","href":"https:\/\/api.w.org\/{rel}","templated":true}]}}