{"id":2076,"date":"2018-12-20T13:02:03","date_gmt":"2018-12-20T12:02:03","guid":{"rendered":"http:\/\/agora.xtec.cat\/ceip-jrj\/?p=2076"},"modified":"2019-02-07T13:16:11","modified_gmt":"2019-02-07T12:16:11","slug":"concurs-de-lectura-en-veu-alta-al-juan-ramon","status":"publish","type":"post","link":"https:\/\/agora.xtec.cat\/ceip-jrj\/general\/concurs-de-lectura-en-veu-alta-al-juan-ramon\/","title":{"rendered":"CONCURS DE LECTURA EN VEU ALTA AL JUAN RAM\u00d3N"},"content":{"rendered":"<div style=\"text-align: justify;\">El passat 11 de desembre a la tarda va tenir lloc, a la sala d&#8217;actes de l&#8217;escola, la tria dels representats de l&#8217;escola per al XV Certamen de Lectura en Veu Alta de Catalunya.<\/div>\n<div style=\"text-align: justify;\"><\/div>\n<div style=\"text-align: justify;\">Per cicle mitj\u00e0 van participar l&#8217;Anna Gonz\u00e1lez i la Mae Mart\u00ed de 4t A, i la Berta Casado i la Sondous Refae de 4t B. Per cicle superior van participar l&#8217;Eloy Cortadas i la Gala S\u00e1nchez de 6\u00e8 A, i el Joel M\u00e9ndez i el Blai Valverde de 6\u00e8 B. Tots aquests alumnes, pr\u00e8viament a les aules, van estar seleccionats com a millors lectors en veu alta d&#8217;entre els seus companys.<\/div>\n<div style=\"text-align: justify;\"><\/div>\n<div style=\"text-align: justify;\">El jurat, format per dues mares d&#8217;alumnes del centre, una representant de la comissi\u00f3 de biblioteca de l&#8217;escola, la cap d&#8217;estudis i la directora, ho va tenir molt dif\u00edcil per fer la tria dels guanyadors i dels guanyadors suplents.<\/div>\n<div style=\"text-align: justify;\"><\/div>\n<div style=\"text-align: justify;\">Durant l&#8217;assaig general del concert de nadal es va fer entrega dels diplomes i premis als quatre finalistes de cada cicle. Finalment, van resultar guanyadors, la Mae Mart\u00ed de 4t A i el Blai Valverde de 6\u00e8 B. Com a guanyadors suplents van quedar l&#8217;Anna Gonz\u00e1lez, tamb\u00e9 de 4t A i el Joel M\u00e9ndez, de 6\u00e8 B.<\/div>\n<div style=\"text-align: justify;\"><\/div>\n<div style=\"text-align: justify;\">Van rebre com a premi les lectures proposades per l&#8217;organitzaci\u00f3 del propi Certamen. Per a les guanyadores de 4t: &#8220;L&#8217;any del gat&#8221; i &#8220;Voil\u00e0. Els besn\u00e9ts del Gat amb Botes&#8221;.\u00a0Per als guanyadors de 6\u00e8 &#8220;Un \u00f3s anomenat Paddington&#8221; i &#8220;Hachiko. El gos que esperava&#8221;. Us animem a qu\u00e8 els llegiu si en teniu oportunitat!<\/div>\n<div style=\"text-align: justify;\"><\/div>\n<div style=\"text-align: justify;\">Aquest any, els quarts de final del XV Certamen de Lectura en Veu Alta tindran lloc al Centre Cultural de Martorell. Segur que gaudirem d&#8217;una bona experi\u00e8ncia. Molta sort als participants!<\/div>\n<div><\/div>\n<div><\/div>\n<div><\/div>\n<div><\/div>\n<div><a href=\"https:\/\/agora.xtec.cat\/ceip-jrj\/wp-content\/uploads\/usu280\/2018\/12\/IMG-0167_opt.jpg\"><img loading=\"lazy\" decoding=\"async\" class=\"alignnone size-full wp-image-2077\" src=\"https:\/\/agora.xtec.cat\/ceip-jrj\/wp-content\/uploads\/usu280\/2018\/12\/IMG-0167_opt.jpg\" alt=\"\" width=\"400\" height=\"533\" srcset=\"https:\/\/agora.xtec.cat\/ceip-jrj\/wp-content\/uploads\/usu280\/2018\/12\/IMG-0167_opt.jpg 400w, https:\/\/agora.xtec.cat\/ceip-jrj\/wp-content\/uploads\/usu280\/2018\/12\/IMG-0167_opt-225x300.jpg 225w\" sizes=\"auto, (max-width: 400px) 100vw, 400px\" \/><\/a> <a href=\"https:\/\/agora.xtec.cat\/ceip-jrj\/wp-content\/uploads\/usu280\/2018\/12\/IMG-0182_opt.jpg\"><img loading=\"lazy\" decoding=\"async\" class=\"alignnone size-large wp-image-2078\" src=\"https:\/\/agora.xtec.cat\/ceip-jrj\/wp-content\/uploads\/usu280\/2018\/12\/IMG-0182_opt.jpg\" alt=\"\" width=\"400\" height=\"533\" srcset=\"https:\/\/agora.xtec.cat\/ceip-jrj\/wp-content\/uploads\/usu280\/2018\/12\/IMG-0182_opt.jpg 400w, https:\/\/agora.xtec.cat\/ceip-jrj\/wp-content\/uploads\/usu280\/2018\/12\/IMG-0182_opt-225x300.jpg 225w\" sizes=\"auto, (max-width: 400px) 100vw, 400px\" \/><\/a> <a href=\"https:\/\/agora.xtec.cat\/ceip-jrj\/wp-content\/uploads\/usu280\/2018\/12\/IMG-0187_opt.jpg\"><img loading=\"lazy\" decoding=\"async\" class=\"size-large wp-image-2079 aligncenter\" src=\"https:\/\/agora.xtec.cat\/ceip-jrj\/wp-content\/uploads\/usu280\/2018\/12\/IMG-0187_opt.jpg\" alt=\"\" width=\"400\" height=\"533\" srcset=\"https:\/\/agora.xtec.cat\/ceip-jrj\/wp-content\/uploads\/usu280\/2018\/12\/IMG-0187_opt.jpg 400w, https:\/\/agora.xtec.cat\/ceip-jrj\/wp-content\/uploads\/usu280\/2018\/12\/IMG-0187_opt-225x300.jpg 225w\" sizes=\"auto, (max-width: 400px) 100vw, 400px\" \/><\/a><\/div>\n","protected":false},"excerpt":{"rendered":"<p>El passat 11 de desembre a la tarda va tenir lloc, a la sala d&#8217;actes de l&#8217;escola, la tria dels representats de l&#8217;escola per al XV Certamen de Lectura en Veu Alta de Catalunya.<\/p>\n<p>Per cicle mitj\u00e0 van participar l&#8217;Anna Gonz\u00e1lez i la Mae Mart\u00ed de&hellip;  <a href=\"https:\/\/agora.xtec.cat\/ceip-jrj\/general\/concurs-de-lectura-en-veu-alta-al-juan-ramon\/\" title=\"Read CONCURS DE LECTURA EN VEU ALTA AL JUAN RAM\u00d3N\">Llegeix m\u00e9s\u00bb<\/a><\/p>\n","protected":false},"author":1,"featured_media":2078,"comment_status":"closed","ping_status":"closed","sticky":false,"template":"","format":"standard","meta":{"_bbp_topic_count":0,"_bbp_reply_count":0,"_bbp_total_topic_count":0,"_bbp_total_reply_count":0,"_bbp_voice_count":0,"_bbp_anonymous_reply_count":0,"_bbp_topic_count_hidden":0,"_bbp_reply_count_hidden":0,"_bbp_forum_subforum_count":0,"footnotes":""},"categories":[1,4],"tags":[],"class_list":["post-2076","post","type-post","status-publish","format-standard","has-post-thumbnail","hentry","category-general","category-portada"],"post_mailing_queue_ids":[],"_links":{"self":[{"href":"https:\/\/agora.xtec.cat\/ceip-jrj\/wp-json\/wp\/v2\/posts\/2076","targetHints":{"allow":["GET"]}}],"collection":[{"href":"https:\/\/agora.xtec.cat\/ceip-jrj\/wp-json\/wp\/v2\/posts"}],"about":[{"href":"https:\/\/agora.xtec.cat\/ceip-jrj\/wp-json\/wp\/v2\/types\/post"}],"author":[{"embeddable":true,"href":"https:\/\/agora.xtec.cat\/ceip-jrj\/wp-json\/wp\/v2\/users\/1"}],"replies":[{"embeddable":true,"href":"https:\/\/agora.xtec.cat\/ceip-jrj\/wp-json\/wp\/v2\/comments?post=2076"}],"version-history":[{"count":3,"href":"https:\/\/agora.xtec.cat\/ceip-jrj\/wp-json\/wp\/v2\/posts\/2076\/revisions"}],"predecessor-version":[{"id":2175,"href":"https:\/\/agora.xtec.cat\/ceip-jrj\/wp-json\/wp\/v2\/posts\/2076\/revisions\/2175"}],"wp:featuredmedia":[{"embeddable":true,"href":"https:\/\/agora.xtec.cat\/ceip-jrj\/wp-json\/wp\/v2\/media\/2078"}],"wp:attachment":[{"href":"https:\/\/agora.xtec.cat\/ceip-jrj\/wp-json\/wp\/v2\/media?parent=2076"}],"wp:term":[{"taxonomy":"category","embeddable":true,"href":"https:\/\/agora.xtec.cat\/ceip-jrj\/wp-json\/wp\/v2\/categories?post=2076"},{"taxonomy":"post_tag","embeddable":true,"href":"https:\/\/agora.xtec.cat\/ceip-jrj\/wp-json\/wp\/v2\/tags?post=2076"}],"curies":[{"name":"wp","href":"https:\/\/api.w.org\/{rel}","templated":true}]}}