{"id":2062,"date":"2018-12-11T18:08:59","date_gmt":"2018-12-11T17:08:59","guid":{"rendered":"http:\/\/agora.xtec.cat\/ceip-jrj\/?p=2062"},"modified":"2018-12-11T18:12:26","modified_gmt":"2018-12-11T17:12:26","slug":"el-jrj-al-consell-dinfants","status":"publish","type":"post","link":"https:\/\/agora.xtec.cat\/ceip-jrj\/general\/el-jrj-al-consell-dinfants\/","title":{"rendered":"EL JRJ AL CONSELL D&#8217;INFANTS"},"content":{"rendered":"<p style=\"text-align: justify;\">Els Consellers del JRJ al Consell d&#8217;Infants<\/p>\n<div style=\"text-align: justify;\">El passat diumenge 2 de desembre, la Noa Jim\u00e9nez de 5\u00e8 A, l&#8217;Iker Arnosi de 6\u00e8 B, la Candela Guerra de 6\u00e8 A i, els nous representats d&#8217;aquest any, el Teo Bellido de 4t A i el Pau Jim\u00e9nez de 4t B, van assistir a l&#8217;acte inaugural del curs 2018-2019 del Consell d&#8217;Infants Municipal.<\/div>\n<div><\/div>\n<div style=\"text-align: justify;\"><\/div>\n<div>\n<div style=\"text-align: justify;\">L\u2019Ajuntament de Martorell ha creat el Consell d\u2019Infants per promoure la participaci\u00f3<\/div>\n<div style=\"text-align: justify;\">dels nens i nenes de 4t i 5\u00e8 de prim\u00e0ria per implicar-los en la millora i el desenvolupament del<\/div>\n<div style=\"text-align: justify;\">poble.<\/div>\n<div><\/div>\n<div style=\"text-align: justify;\"><\/div>\n<div style=\"text-align: justify;\">Els representats de l&#8217;escola van ser escollits a les aules pels seus companys i, despr\u00e9s de l&#8217;acceptaci\u00f3 de les fam\u00edlies, passen a formar part d&#8217;aquest \u00f2rgan municipal.<\/div>\n<div><\/div>\n<div style=\"text-align: justify;\"><\/div>\n<div style=\"text-align: justify;\">En aquest acte es va donar el tret de sortida a les diferents trobades que es realitzaran al llarg del curs i es va fer un rep\u00e0s de tot all\u00f2 que s&#8217;ha aconseguit fins ara des del Consell d&#8217;Infants.<\/div>\n<div><\/div>\n<div style=\"text-align: justify;\"><\/div>\n<div style=\"text-align: justify;\">Al seg\u00fcent link podeu veurela not\u00edcia a la premsa municipal:<\/div>\n<div style=\"text-align: justify;\"><a href=\"https:\/\/noticies.martorell.cat\/el-consell-dinfants-es-valorat-pels-seus-protagonistes-els-nens-i-nenes-de-martorell\/\" target=\"_blank\" rel=\"noopener\" data-saferedirecturl=\"https:\/\/www.google.com\/url?q=https:\/\/noticies.martorell.cat\/el-consell-dinfants-es-valorat-pels-seus-protagonistes-els-nens-i-nenes-de-martorell\/&amp;source=gmail&amp;ust=1544634196952000&amp;usg=AFQjCNHmbFuXNPFro3DrnHT09W6Nx33cHw\">https:\/\/noticies.martorell.cat\/el-consell-dinfants-es-valorat-pels-seus-protagonistes-els-nens-i-nenes-de-martorell\/<\/a><\/div>\n<\/div>\n<div><\/div>\n<div><\/div>\n<div><\/div>\n<div><a href=\"https:\/\/agora.xtec.cat\/ceip-jrj\/wp-content\/uploads\/usu280\/2018\/12\/20181202_114451.jpg\"><img loading=\"lazy\" decoding=\"async\" class=\"aligncenter wp-image-2063 size-medium\" src=\"https:\/\/agora.xtec.cat\/ceip-jrj\/wp-content\/uploads\/usu280\/2018\/12\/20181202_114451-300x225.jpg\" alt=\"\" width=\"300\" height=\"225\" srcset=\"https:\/\/agora.xtec.cat\/ceip-jrj\/wp-content\/uploads\/usu280\/2018\/12\/20181202_114451-300x225.jpg 300w, https:\/\/agora.xtec.cat\/ceip-jrj\/wp-content\/uploads\/usu280\/2018\/12\/20181202_114451-768x576.jpg 768w, https:\/\/agora.xtec.cat\/ceip-jrj\/wp-content\/uploads\/usu280\/2018\/12\/20181202_114451.jpg 1024w, https:\/\/agora.xtec.cat\/ceip-jrj\/wp-content\/uploads\/usu280\/2018\/12\/20181202_114451-200x150.jpg 200w\" sizes=\"auto, (max-width: 300px) 100vw, 300px\" \/><\/a><\/div>\n<div><\/div>\n<div><\/div>\n<div><\/div>\n<div><\/div>\n<div><a href=\"https:\/\/agora.xtec.cat\/ceip-jrj\/wp-content\/uploads\/usu280\/2018\/12\/20181202_124013.jpg\"><img loading=\"lazy\" decoding=\"async\" class=\"aligncenter wp-image-2064 size-medium\" src=\"https:\/\/agora.xtec.cat\/ceip-jrj\/wp-content\/uploads\/usu280\/2018\/12\/20181202_124013-300x225.jpg\" alt=\"\" width=\"300\" height=\"225\" srcset=\"https:\/\/agora.xtec.cat\/ceip-jrj\/wp-content\/uploads\/usu280\/2018\/12\/20181202_124013-300x225.jpg 300w, https:\/\/agora.xtec.cat\/ceip-jrj\/wp-content\/uploads\/usu280\/2018\/12\/20181202_124013-768x576.jpg 768w, https:\/\/agora.xtec.cat\/ceip-jrj\/wp-content\/uploads\/usu280\/2018\/12\/20181202_124013.jpg 1024w, https:\/\/agora.xtec.cat\/ceip-jrj\/wp-content\/uploads\/usu280\/2018\/12\/20181202_124013-200x150.jpg 200w\" sizes=\"auto, (max-width: 300px) 100vw, 300px\" \/><\/a><\/div>\n<div><\/div>\n<div><\/div>\n<div><\/div>\n<div><\/div>\n<div><a href=\"https:\/\/agora.xtec.cat\/ceip-jrj\/wp-content\/uploads\/usu280\/2018\/12\/20181202_124049.jpg\"><img loading=\"lazy\" decoding=\"async\" class=\"aligncenter wp-image-2065 size-medium\" src=\"https:\/\/agora.xtec.cat\/ceip-jrj\/wp-content\/uploads\/usu280\/2018\/12\/20181202_124049-300x225.jpg\" alt=\"\" width=\"300\" height=\"225\" srcset=\"https:\/\/agora.xtec.cat\/ceip-jrj\/wp-content\/uploads\/usu280\/2018\/12\/20181202_124049-300x225.jpg 300w, https:\/\/agora.xtec.cat\/ceip-jrj\/wp-content\/uploads\/usu280\/2018\/12\/20181202_124049-768x576.jpg 768w, https:\/\/agora.xtec.cat\/ceip-jrj\/wp-content\/uploads\/usu280\/2018\/12\/20181202_124049.jpg 1024w, https:\/\/agora.xtec.cat\/ceip-jrj\/wp-content\/uploads\/usu280\/2018\/12\/20181202_124049-200x150.jpg 200w\" sizes=\"auto, (max-width: 300px) 100vw, 300px\" \/><\/a><\/div>\n<div><\/div>\n<div><\/div>\n<div><\/div>\n<div><\/div>\n","protected":false},"excerpt":{"rendered":"<p>Els Consellers del JRJ al Consell d&#8217;Infants<br \/>\nEl passat diumenge 2 de desembre, la Noa Jim\u00e9nez de 5\u00e8 A, l&#8217;Iker Arnosi de 6\u00e8 B, la Candela Guerra de 6\u00e8 A i, els nous representats d&#8217;aquest any, el Teo Bellido de 4t A i el Pau Jim\u00e9nez&hellip;  <a href=\"https:\/\/agora.xtec.cat\/ceip-jrj\/general\/el-jrj-al-consell-dinfants\/\" title=\"Read EL JRJ AL CONSELL D&#8217;INFANTS\">Llegeix m\u00e9s\u00bb<\/a><\/p>\n","protected":false},"author":1,"featured_media":2066,"comment_status":"closed","ping_status":"closed","sticky":false,"template":"","format":"standard","meta":{"_bbp_topic_count":0,"_bbp_reply_count":0,"_bbp_total_topic_count":0,"_bbp_total_reply_count":0,"_bbp_voice_count":0,"_bbp_anonymous_reply_count":0,"_bbp_topic_count_hidden":0,"_bbp_reply_count_hidden":0,"_bbp_forum_subforum_count":0,"footnotes":""},"categories":[1,4],"tags":[],"class_list":["post-2062","post","type-post","status-publish","format-standard","has-post-thumbnail","hentry","category-general","category-portada"],"post_mailing_queue_ids":[],"_links":{"self":[{"href":"https:\/\/agora.xtec.cat\/ceip-jrj\/wp-json\/wp\/v2\/posts\/2062","targetHints":{"allow":["GET"]}}],"collection":[{"href":"https:\/\/agora.xtec.cat\/ceip-jrj\/wp-json\/wp\/v2\/posts"}],"about":[{"href":"https:\/\/agora.xtec.cat\/ceip-jrj\/wp-json\/wp\/v2\/types\/post"}],"author":[{"embeddable":true,"href":"https:\/\/agora.xtec.cat\/ceip-jrj\/wp-json\/wp\/v2\/users\/1"}],"replies":[{"embeddable":true,"href":"https:\/\/agora.xtec.cat\/ceip-jrj\/wp-json\/wp\/v2\/comments?post=2062"}],"version-history":[{"count":3,"href":"https:\/\/agora.xtec.cat\/ceip-jrj\/wp-json\/wp\/v2\/posts\/2062\/revisions"}],"predecessor-version":[{"id":2069,"href":"https:\/\/agora.xtec.cat\/ceip-jrj\/wp-json\/wp\/v2\/posts\/2062\/revisions\/2069"}],"wp:featuredmedia":[{"embeddable":true,"href":"https:\/\/agora.xtec.cat\/ceip-jrj\/wp-json\/wp\/v2\/media\/2066"}],"wp:attachment":[{"href":"https:\/\/agora.xtec.cat\/ceip-jrj\/wp-json\/wp\/v2\/media?parent=2062"}],"wp:term":[{"taxonomy":"category","embeddable":true,"href":"https:\/\/agora.xtec.cat\/ceip-jrj\/wp-json\/wp\/v2\/categories?post=2062"},{"taxonomy":"post_tag","embeddable":true,"href":"https:\/\/agora.xtec.cat\/ceip-jrj\/wp-json\/wp\/v2\/tags?post=2062"}],"curies":[{"name":"wp","href":"https:\/\/api.w.org\/{rel}","templated":true}]}}