{"id":2057,"date":"2018-12-11T18:10:14","date_gmt":"2018-12-11T17:10:14","guid":{"rendered":"http:\/\/agora.xtec.cat\/ceip-jrj\/?p=2057"},"modified":"2018-12-13T18:48:10","modified_gmt":"2018-12-13T17:48:10","slug":"felicitacio-de-nadal-2019","status":"publish","type":"post","link":"https:\/\/agora.xtec.cat\/ceip-jrj\/general\/felicitacio-de-nadal-2019\/","title":{"rendered":"FELICITACI\u00d3 DE NADAL 2018"},"content":{"rendered":"<p>Com cada final d&#8217;any us fem arribar la nostra felicitaci\u00f3 de Nadal.\u00a0 Aquest videoclip est\u00e0 dedicat a tota la comunitat educativa de l&#8217;escola Juan Ram\u00f3n Jim\u00e9nez.<\/p>\n<p>De part de tots el mestres i alumnes:<\/p>\n<h2 style=\"text-align: center;\">BON NADAL I FELI\u00c7 ANY 2019<\/h2>\n<p>&nbsp;<\/p>\n<p><iframe loading=\"lazy\" title=\"Felicitaci\u00f3 Nadal 2018 de l&#039;Escola Juan Ram\u00f3n Jim\u00e9nez de Martorell.\" width=\"500\" height=\"281\" src=\"https:\/\/www.youtube.com\/embed\/3fIKtxhD6fU?feature=oembed\" frameborder=\"0\" allow=\"accelerometer; autoplay; clipboard-write; encrypted-media; gyroscope; picture-in-picture; web-share\" referrerpolicy=\"strict-origin-when-cross-origin\" allowfullscreen><\/iframe><\/p>\n","protected":false},"excerpt":{"rendered":"<p>Com cada final d&#8217;any us fem arribar la nostra felicitaci\u00f3 de Nadal.\u00a0 Aquest videoclip est\u00e0 dedicat a tota la comunitat educativa de l&#8217;escola Juan Ram\u00f3n Jim\u00e9nez.<br \/>\nDe part de tots el mestres i alumnes:<br \/>\nBON NADAL I FELI\u00c7 ANY 2019<br \/>\n&nbsp;<\/p>\n","protected":false},"author":1,"featured_media":2058,"comment_status":"closed","ping_status":"closed","sticky":false,"template":"","format":"standard","meta":{"_bbp_topic_count":0,"_bbp_reply_count":0,"_bbp_total_topic_count":0,"_bbp_total_reply_count":0,"_bbp_voice_count":0,"_bbp_anonymous_reply_count":0,"_bbp_topic_count_hidden":0,"_bbp_reply_count_hidden":0,"_bbp_forum_subforum_count":0,"footnotes":""},"categories":[1,4],"tags":[],"class_list":["post-2057","post","type-post","status-publish","format-standard","has-post-thumbnail","hentry","category-general","category-portada"],"post_mailing_queue_ids":[],"_links":{"self":[{"href":"https:\/\/agora.xtec.cat\/ceip-jrj\/wp-json\/wp\/v2\/posts\/2057","targetHints":{"allow":["GET"]}}],"collection":[{"href":"https:\/\/agora.xtec.cat\/ceip-jrj\/wp-json\/wp\/v2\/posts"}],"about":[{"href":"https:\/\/agora.xtec.cat\/ceip-jrj\/wp-json\/wp\/v2\/types\/post"}],"author":[{"embeddable":true,"href":"https:\/\/agora.xtec.cat\/ceip-jrj\/wp-json\/wp\/v2\/users\/1"}],"replies":[{"embeddable":true,"href":"https:\/\/agora.xtec.cat\/ceip-jrj\/wp-json\/wp\/v2\/comments?post=2057"}],"version-history":[{"count":3,"href":"https:\/\/agora.xtec.cat\/ceip-jrj\/wp-json\/wp\/v2\/posts\/2057\/revisions"}],"predecessor-version":[{"id":2071,"href":"https:\/\/agora.xtec.cat\/ceip-jrj\/wp-json\/wp\/v2\/posts\/2057\/revisions\/2071"}],"wp:featuredmedia":[{"embeddable":true,"href":"https:\/\/agora.xtec.cat\/ceip-jrj\/wp-json\/wp\/v2\/media\/2058"}],"wp:attachment":[{"href":"https:\/\/agora.xtec.cat\/ceip-jrj\/wp-json\/wp\/v2\/media?parent=2057"}],"wp:term":[{"taxonomy":"category","embeddable":true,"href":"https:\/\/agora.xtec.cat\/ceip-jrj\/wp-json\/wp\/v2\/categories?post=2057"},{"taxonomy":"post_tag","embeddable":true,"href":"https:\/\/agora.xtec.cat\/ceip-jrj\/wp-json\/wp\/v2\/tags?post=2057"}],"curies":[{"name":"wp","href":"https:\/\/api.w.org\/{rel}","templated":true}]}}