{"id":1966,"date":"2018-11-07T22:47:02","date_gmt":"2018-11-07T21:47:02","guid":{"rendered":"http:\/\/agora.xtec.cat\/ceip-jrj\/?p=1966"},"modified":"2018-11-07T22:49:05","modified_gmt":"2018-11-07T21:49:05","slug":"renovacio-consell-escolar","status":"publish","type":"post","link":"https:\/\/agora.xtec.cat\/ceip-jrj\/general\/renovacio-consell-escolar\/","title":{"rendered":"RENOVACI\u00d3 CONSELL ESCOLAR"},"content":{"rendered":"<p style=\"text-align: justify;\">S\u2019ha iniciat el proc\u00e9s electoral per a la renovaci\u00f3 dels representants al Consell Escolar del nostre centre. En aquestes eleccions,\u00a0<strong>cal renovar dos dels quatre membres<\/strong>\u00a0del sector de mares i pares.<br \/>\nEls professionals dels centres i les fam\u00edlies compartim un objectiu:\u00a0l&#8217;\u00e8xit social i personal dels fills. Les decisions que es prenen al consell escolar s\u00f3n claus\u00a0per al funcionament i la millora del centre i, per tant, tamb\u00e9 per a l&#8217;\u00e8xit educatiu de tots els alumnes.<br \/>\nCom a pares, mares, tutors o tutores legals dels alumnes matriculats en el centre, formeu part del cens electoral del sector mares i pares. Aix\u00f2 vol dir que\u00a0<strong>tots i totes us podeu presentar com a candidats i podeu votar.<\/strong><br \/>\nPer una banda, us animem a presentar-vos com a candidats i participar activament en les decisions que es prenen al centre. D\u2019altra banda, us animem a participar amb el vostre vot el dia de les eleccions per donar suport al candidat amb el qual delegueu la vostra veu i la vostra representaci\u00f3.<\/p>\n<p style=\"text-align: justify;\">Clicant als seg\u00fcents enlla\u00e7os podeu veure el\u00a0<strong>calendari del proc\u00e9s<\/strong>\u00a0electoral en el nostre centre i la\u00a0<strong>informaci\u00f3 que el Departament<\/strong>\u00a0ha preparat per a les fam\u00edlies<\/p>\n<p>&nbsp;<\/p>\n<p style=\"text-align: center;\"><a href=\"https:\/\/drive.google.com\/file\/d\/11eMgylCM_441XNxPLueho-oDeEgDs4LD\/view?usp=sharing\">CALENDARI<\/a><\/p>\n<p style=\"text-align: center;\"><a href=\"https:\/\/drive.google.com\/file\/d\/1ztqnCfO4RnWZvyemWgF2UF5iCG0JQ2-S\/view?usp=sharing\">INFORMACI\u00d3 DEPARTAMENT<\/a><\/p>\n<p>&nbsp;<\/p>\n<p style=\"text-align: justify;\">Igualment us posem un enlla\u00e7 per accedir a la web\u00a0<em>\u201cJunts X l\u2019educaci\u00f3 \u201c<\/em>\u00a0de la Generalitat de Catalunya per si voleu tenir m\u00e9s informaci\u00f3 sobre qu\u00e8 \u00e9s el consell escolar, quines funcions t\u00e9, etc.<\/p>\n<p>&nbsp;<\/p>\n<p style=\"text-align: center;\"><a href=\"http:\/\/familiaiescola.gencat.cat\/ca\/recomanacions\/recomanacions\/eleccions_als_consells_escolars\/\">INFORMACI\u00d3 FAM\u00cdLIA-ESCOLA<\/a><\/p>\n<p>&nbsp;<\/p>\n<p><a href=\"https:\/\/agora.xtec.cat\/ceip-jrj\/wp-content\/uploads\/usu280\/2018\/11\/Sin-t\u00edtulo2.jpg\"><img loading=\"lazy\" decoding=\"async\" class=\"alignnone size-full wp-image-1968\" src=\"https:\/\/agora.xtec.cat\/ceip-jrj\/wp-content\/uploads\/usu280\/2018\/11\/Sin-t\u00edtulo2.jpg\" alt=\"\" width=\"650\" height=\"375\" srcset=\"https:\/\/agora.xtec.cat\/ceip-jrj\/wp-content\/uploads\/usu280\/2018\/11\/Sin-t\u00edtulo2.jpg 650w, https:\/\/agora.xtec.cat\/ceip-jrj\/wp-content\/uploads\/usu280\/2018\/11\/Sin-t\u00edtulo2-300x173.jpg 300w\" sizes=\"auto, (max-width: 650px) 100vw, 650px\" \/><\/a><\/p>\n","protected":false},"excerpt":{"rendered":"<p>S\u2019ha iniciat el proc\u00e9s electoral per a la renovaci\u00f3 dels representants al Consell Escolar del nostre centre. En aquestes eleccions,\u00a0cal renovar dos dels quatre membres\u00a0del sector de mares i pares.<br \/>\nEls professionals dels centres i les fam\u00edlies compartim un objectiu:\u00a0l&#8217;\u00e8xit social i personal dels fills. Les&hellip;  <a href=\"https:\/\/agora.xtec.cat\/ceip-jrj\/general\/renovacio-consell-escolar\/\" title=\"Read RENOVACI\u00d3 CONSELL ESCOLAR\">Llegeix m\u00e9s\u00bb<\/a><\/p>\n","protected":false},"author":1,"featured_media":1967,"comment_status":"closed","ping_status":"closed","sticky":false,"template":"","format":"standard","meta":{"_bbp_topic_count":0,"_bbp_reply_count":0,"_bbp_total_topic_count":0,"_bbp_total_reply_count":0,"_bbp_voice_count":0,"_bbp_anonymous_reply_count":0,"_bbp_topic_count_hidden":0,"_bbp_reply_count_hidden":0,"_bbp_forum_subforum_count":0,"footnotes":""},"categories":[1,4],"tags":[],"class_list":["post-1966","post","type-post","status-publish","format-standard","has-post-thumbnail","hentry","category-general","category-portada"],"post_mailing_queue_ids":[],"_links":{"self":[{"href":"https:\/\/agora.xtec.cat\/ceip-jrj\/wp-json\/wp\/v2\/posts\/1966","targetHints":{"allow":["GET"]}}],"collection":[{"href":"https:\/\/agora.xtec.cat\/ceip-jrj\/wp-json\/wp\/v2\/posts"}],"about":[{"href":"https:\/\/agora.xtec.cat\/ceip-jrj\/wp-json\/wp\/v2\/types\/post"}],"author":[{"embeddable":true,"href":"https:\/\/agora.xtec.cat\/ceip-jrj\/wp-json\/wp\/v2\/users\/1"}],"replies":[{"embeddable":true,"href":"https:\/\/agora.xtec.cat\/ceip-jrj\/wp-json\/wp\/v2\/comments?post=1966"}],"version-history":[{"count":2,"href":"https:\/\/agora.xtec.cat\/ceip-jrj\/wp-json\/wp\/v2\/posts\/1966\/revisions"}],"predecessor-version":[{"id":1971,"href":"https:\/\/agora.xtec.cat\/ceip-jrj\/wp-json\/wp\/v2\/posts\/1966\/revisions\/1971"}],"wp:featuredmedia":[{"embeddable":true,"href":"https:\/\/agora.xtec.cat\/ceip-jrj\/wp-json\/wp\/v2\/media\/1967"}],"wp:attachment":[{"href":"https:\/\/agora.xtec.cat\/ceip-jrj\/wp-json\/wp\/v2\/media?parent=1966"}],"wp:term":[{"taxonomy":"category","embeddable":true,"href":"https:\/\/agora.xtec.cat\/ceip-jrj\/wp-json\/wp\/v2\/categories?post=1966"},{"taxonomy":"post_tag","embeddable":true,"href":"https:\/\/agora.xtec.cat\/ceip-jrj\/wp-json\/wp\/v2\/tags?post=1966"}],"curies":[{"name":"wp","href":"https:\/\/api.w.org\/{rel}","templated":true}]}}