{"id":1955,"date":"2018-11-07T14:42:01","date_gmt":"2018-11-07T13:42:01","guid":{"rendered":"http:\/\/agora.xtec.cat\/ceip-jrj\/?p=1955"},"modified":"2018-11-07T14:42:57","modified_gmt":"2018-11-07T13:42:57","slug":"convivencia-staff","status":"publish","type":"post","link":"https:\/\/agora.xtec.cat\/ceip-jrj\/general\/convivencia-staff\/","title":{"rendered":"CONVIV\u00c8NCIA STAFF"},"content":{"rendered":"<div style=\"text-align: justify;\">El 7 de novembre les delegades i delegats de l&#8217;escola han fet la reuni\u00f3 mensual i, en aquesta ocasi\u00f3, tocava votar el logo que ha de representar el &#8220;Conviv\u00e8ncia Staff&#8221;.<\/div>\n<div style=\"text-align: justify;\">Aquest any a la Programaci\u00f3 Anual de Centre tenim previst millorar la conviv\u00e8ncia tot disminuint els conflictes que hi pugui haver al pati.<\/div>\n<div style=\"text-align: justify;\">Per a poder acomplir aquest objectiu, una de les estrat\u00e8gies previstes consisteix en l&#8217;elaboraci\u00f3, amb la participaci\u00f3 de l\u2019alumnat, d\u2019un sistema d\u2019intervenci\u00f3 r\u00e0pida a les hores d\u2019esbarjo per tal de resoldre els malentesos entre l&#8217;alumnat: el &#8220;Conviv\u00e8ncia Staff&#8221;.<\/div>\n<div style=\"text-align: justify;\">Un grup d&#8217;alumnes de 6\u00e8, despr\u00e9s d&#8217;haver estat format pel professorat del centre en resoluci\u00f3 de conflictes, a m\u00e9s a m\u00e9s de gaudir de l&#8217;esbarjo, estar\u00e0 a disposici\u00f3 a l&#8217;hora del pati per ajudar la resta de companys a resoldre els petits malentesos que puguin sorgir.<\/div>\n<div style=\"text-align: justify;\">El &#8220;Conviv\u00e8ncia Staff&#8221; surt al pati amb un pitral que dur\u00e0 impr\u00e8s el logo que s&#8217;ha votat a la reuni\u00f3 de delegats. Les diferents classes de l&#8217;escola han presentat logos i els han votat a les aules. Els guanyadors de cada aula han estat votats a la reuni\u00f3 de delegats i el guanyador ha estat el dibuix de la classe de 3r A amb 14 punts.<\/div>\n<div style=\"text-align: justify;\">Aix\u00ed el &#8220;Conviv\u00e8ncia Staff&#8221; ja tindr\u00e0 uniforme que l&#8217;acompanyar\u00e0 en aquesta tasca d&#8217;afavorir l&#8217;empatia entre les alumnes i els alumnes del Juanra.<\/div>\n<div><\/div>\n<div><\/div>\n<div><\/div>\n<div><a href=\"https:\/\/agora.xtec.cat\/ceip-jrj\/wp-content\/uploads\/usu280\/2018\/11\/Img-0100.jpg\"><img loading=\"lazy\" decoding=\"async\" class=\"alignnone size-large wp-image-1956\" src=\"https:\/\/agora.xtec.cat\/ceip-jrj\/wp-content\/uploads\/usu280\/2018\/11\/Img-0100-1024x838.jpg\" alt=\"\" width=\"1024\" height=\"838\" srcset=\"https:\/\/agora.xtec.cat\/ceip-jrj\/wp-content\/uploads\/usu280\/2018\/11\/Img-0100-1024x838.jpg 1024w, https:\/\/agora.xtec.cat\/ceip-jrj\/wp-content\/uploads\/usu280\/2018\/11\/Img-0100-300x246.jpg 300w, https:\/\/agora.xtec.cat\/ceip-jrj\/wp-content\/uploads\/usu280\/2018\/11\/Img-0100-768x629.jpg 768w\" sizes=\"auto, (max-width: 1024px) 100vw, 1024px\" \/><\/a><\/div>\n<div><\/div>\n<div><\/div>\n<div><\/div>\n<div><a href=\"https:\/\/agora.xtec.cat\/ceip-jrj\/wp-content\/uploads\/usu280\/2018\/11\/Img-0101.jpg\"><img loading=\"lazy\" decoding=\"async\" class=\"alignnone size-large wp-image-1957\" src=\"https:\/\/agora.xtec.cat\/ceip-jrj\/wp-content\/uploads\/usu280\/2018\/11\/Img-0101-1024x757.jpg\" alt=\"\" width=\"1024\" height=\"757\" srcset=\"https:\/\/agora.xtec.cat\/ceip-jrj\/wp-content\/uploads\/usu280\/2018\/11\/Img-0101-1024x757.jpg 1024w, https:\/\/agora.xtec.cat\/ceip-jrj\/wp-content\/uploads\/usu280\/2018\/11\/Img-0101-300x222.jpg 300w, https:\/\/agora.xtec.cat\/ceip-jrj\/wp-content\/uploads\/usu280\/2018\/11\/Img-0101-768x568.jpg 768w\" sizes=\"auto, (max-width: 1024px) 100vw, 1024px\" \/><\/a><\/div>\n","protected":false},"excerpt":{"rendered":"<p>El 7 de novembre les delegades i delegats de l&#8217;escola han fet la reuni\u00f3 mensual i, en aquesta ocasi\u00f3, tocava votar el logo que ha de representar el &#8220;Conviv\u00e8ncia Staff&#8221;.<br \/>\nAquest any a la Programaci\u00f3 Anual de Centre tenim previst millorar la conviv\u00e8ncia tot disminuint els&hellip;  <a href=\"https:\/\/agora.xtec.cat\/ceip-jrj\/general\/convivencia-staff\/\" title=\"Read CONVIV\u00c8NCIA STAFF\">Llegeix m\u00e9s\u00bb<\/a><\/p>\n","protected":false},"author":1,"featured_media":1957,"comment_status":"closed","ping_status":"closed","sticky":false,"template":"","format":"standard","meta":{"_bbp_topic_count":0,"_bbp_reply_count":0,"_bbp_total_topic_count":0,"_bbp_total_reply_count":0,"_bbp_voice_count":0,"_bbp_anonymous_reply_count":0,"_bbp_topic_count_hidden":0,"_bbp_reply_count_hidden":0,"_bbp_forum_subforum_count":0,"footnotes":""},"categories":[1,4],"tags":[],"class_list":["post-1955","post","type-post","status-publish","format-standard","has-post-thumbnail","hentry","category-general","category-portada"],"post_mailing_queue_ids":[],"_links":{"self":[{"href":"https:\/\/agora.xtec.cat\/ceip-jrj\/wp-json\/wp\/v2\/posts\/1955","targetHints":{"allow":["GET"]}}],"collection":[{"href":"https:\/\/agora.xtec.cat\/ceip-jrj\/wp-json\/wp\/v2\/posts"}],"about":[{"href":"https:\/\/agora.xtec.cat\/ceip-jrj\/wp-json\/wp\/v2\/types\/post"}],"author":[{"embeddable":true,"href":"https:\/\/agora.xtec.cat\/ceip-jrj\/wp-json\/wp\/v2\/users\/1"}],"replies":[{"embeddable":true,"href":"https:\/\/agora.xtec.cat\/ceip-jrj\/wp-json\/wp\/v2\/comments?post=1955"}],"version-history":[{"count":2,"href":"https:\/\/agora.xtec.cat\/ceip-jrj\/wp-json\/wp\/v2\/posts\/1955\/revisions"}],"predecessor-version":[{"id":1959,"href":"https:\/\/agora.xtec.cat\/ceip-jrj\/wp-json\/wp\/v2\/posts\/1955\/revisions\/1959"}],"wp:featuredmedia":[{"embeddable":true,"href":"https:\/\/agora.xtec.cat\/ceip-jrj\/wp-json\/wp\/v2\/media\/1957"}],"wp:attachment":[{"href":"https:\/\/agora.xtec.cat\/ceip-jrj\/wp-json\/wp\/v2\/media?parent=1955"}],"wp:term":[{"taxonomy":"category","embeddable":true,"href":"https:\/\/agora.xtec.cat\/ceip-jrj\/wp-json\/wp\/v2\/categories?post=1955"},{"taxonomy":"post_tag","embeddable":true,"href":"https:\/\/agora.xtec.cat\/ceip-jrj\/wp-json\/wp\/v2\/tags?post=1955"}],"curies":[{"name":"wp","href":"https:\/\/api.w.org\/{rel}","templated":true}]}}