{"id":1896,"date":"2018-09-27T13:33:57","date_gmt":"2018-09-27T11:33:57","guid":{"rendered":"http:\/\/agora.xtec.cat\/ceip-jrj\/?p=1896"},"modified":"2018-09-27T13:52:44","modified_gmt":"2018-09-27T11:52:44","slug":"sortida-5e-i-6e-mmaca","status":"publish","type":"post","link":"https:\/\/agora.xtec.cat\/ceip-jrj\/general\/sortida-5e-i-6e-mmaca\/","title":{"rendered":"SORTIDA 5\u00e8 i 6\u00e8: MMACA"},"content":{"rendered":"<p><span lang=\"ES\">El passat divendres\u00a0<strong>21 de setembre\u00a0<\/strong>vam fer la\u00a0 sortida de cohesi\u00f3 de 5\u00e8 i 6\u00e8 al<strong>\u00a0Museu de les Matem\u00e0tiques de Catalunya (MMACA) <\/strong>de\u00a0Cornell\u00e0 de Llobregat.<\/span><\/p>\n<p><span lang=\"ES\">V\u00e0rem fer un taller de les C\u00fapules de Leonardo, en el qual hav\u00edem de construir unes estructures de m\u00e9s de 4m de di\u00e0metre; de manera cooperativa i a partir d\u2019uns patrons geom\u00e8trics. Tamb\u00e9 vam gaudir d&#8217;unes Experi\u00e8ncies Matem\u00e0tiques en les que hav\u00edem de superar uns reptes a trav\u00e9s de la manipulaci\u00f3 i l&#8217;experimentaci\u00f3 directa.<\/span><\/p>\n<p>LES MATEM\u00c0TIQUES PODEN SER MOLT DIVERTIDES!!!<\/p>\n<p><a href=\"http:\/\/agora.xtec.cat\/ceip-jrj\/wp-content\/uploads\/usu280\/2018\/09\/foto.jpg\"><img loading=\"lazy\" decoding=\"async\" class=\"wp-image-1898 aligncenter\" src=\"http:\/\/agora.xtec.cat\/ceip-jrj\/wp-content\/uploads\/usu280\/2018\/09\/foto-1024x768.jpg\" alt=\"\" width=\"449\" height=\"337\" srcset=\"https:\/\/agora.xtec.cat\/ceip-jrj\/wp-content\/uploads\/usu280\/2018\/09\/foto-1024x768.jpg 1024w, https:\/\/agora.xtec.cat\/ceip-jrj\/wp-content\/uploads\/usu280\/2018\/09\/foto-300x225.jpg 300w, https:\/\/agora.xtec.cat\/ceip-jrj\/wp-content\/uploads\/usu280\/2018\/09\/foto-768x576.jpg 768w, https:\/\/agora.xtec.cat\/ceip-jrj\/wp-content\/uploads\/usu280\/2018\/09\/foto-200x150.jpg 200w\" sizes=\"auto, (max-width: 449px) 100vw, 449px\" \/><\/a><\/p>\n","protected":false},"excerpt":{"rendered":"<p>El passat divendres\u00a021 de setembre\u00a0vam fer la\u00a0 sortida de cohesi\u00f3 de 5\u00e8 i 6\u00e8 al\u00a0Museu de les Matem\u00e0tiques de Catalunya (MMACA) de\u00a0Cornell\u00e0 de Llobregat.<br \/>\nV\u00e0rem fer un taller de les C\u00fapules de Leonardo, en el qual hav\u00edem de construir unes estructures de m\u00e9s de 4m de&hellip;  <a href=\"https:\/\/agora.xtec.cat\/ceip-jrj\/general\/sortida-5e-i-6e-mmaca\/\" title=\"Read SORTIDA 5\u00e8 i 6\u00e8: MMACA\">Llegeix m\u00e9s\u00bb<\/a><\/p>\n","protected":false},"author":1,"featured_media":1898,"comment_status":"closed","ping_status":"closed","sticky":false,"template":"","format":"standard","meta":{"_bbp_topic_count":0,"_bbp_reply_count":0,"_bbp_total_topic_count":0,"_bbp_total_reply_count":0,"_bbp_voice_count":0,"_bbp_anonymous_reply_count":0,"_bbp_topic_count_hidden":0,"_bbp_reply_count_hidden":0,"_bbp_forum_subforum_count":0,"footnotes":""},"categories":[1,4,5],"tags":[],"class_list":["post-1896","post","type-post","status-publish","format-standard","has-post-thumbnail","hentry","category-general","category-portada","category-primaria"],"post_mailing_queue_ids":[],"_links":{"self":[{"href":"https:\/\/agora.xtec.cat\/ceip-jrj\/wp-json\/wp\/v2\/posts\/1896","targetHints":{"allow":["GET"]}}],"collection":[{"href":"https:\/\/agora.xtec.cat\/ceip-jrj\/wp-json\/wp\/v2\/posts"}],"about":[{"href":"https:\/\/agora.xtec.cat\/ceip-jrj\/wp-json\/wp\/v2\/types\/post"}],"author":[{"embeddable":true,"href":"https:\/\/agora.xtec.cat\/ceip-jrj\/wp-json\/wp\/v2\/users\/1"}],"replies":[{"embeddable":true,"href":"https:\/\/agora.xtec.cat\/ceip-jrj\/wp-json\/wp\/v2\/comments?post=1896"}],"version-history":[{"count":2,"href":"https:\/\/agora.xtec.cat\/ceip-jrj\/wp-json\/wp\/v2\/posts\/1896\/revisions"}],"predecessor-version":[{"id":1900,"href":"https:\/\/agora.xtec.cat\/ceip-jrj\/wp-json\/wp\/v2\/posts\/1896\/revisions\/1900"}],"wp:featuredmedia":[{"embeddable":true,"href":"https:\/\/agora.xtec.cat\/ceip-jrj\/wp-json\/wp\/v2\/media\/1898"}],"wp:attachment":[{"href":"https:\/\/agora.xtec.cat\/ceip-jrj\/wp-json\/wp\/v2\/media?parent=1896"}],"wp:term":[{"taxonomy":"category","embeddable":true,"href":"https:\/\/agora.xtec.cat\/ceip-jrj\/wp-json\/wp\/v2\/categories?post=1896"},{"taxonomy":"post_tag","embeddable":true,"href":"https:\/\/agora.xtec.cat\/ceip-jrj\/wp-json\/wp\/v2\/tags?post=1896"}],"curies":[{"name":"wp","href":"https:\/\/api.w.org\/{rel}","templated":true}]}}